{"id":420,"date":"2015-09-16T20:14:16","date_gmt":"2015-09-16T19:14:16","guid":{"rendered":"http:\/\/www.minutenzeiger.de\/?p=420"},"modified":"2015-09-16T20:14:16","modified_gmt":"2015-09-16T19:14:16","slug":"die-produktion-von-nachrichten","status":"publish","type":"post","link":"https:\/\/www.minutenzeiger.de\/?p=420","title":{"rendered":"Die Produktion von Nachrichten"},"content":{"rendered":"<p>Die Produktion von Nachrichten &#8211; Telepolis \/tp\/artikel\/45\/45980\/<\/p>\n","protected":false},"excerpt":{"rendered":"<p>Die Produktion von Nachrichten &#8211; Telepolis \/tp\/artikel\/45\/45980\/<\/p>\n","protected":false},"author":1,"featured_media":0,"comment_status":"closed","ping_status":"open","sticky":false,"template":"","format":"standard","meta":{"jetpack_post_was_ever_published":false,"_jetpack_newsletter_access":"","_jetpack_newsletter_tier_id":0},"categories":[1],"tags":[],"jetpack_sharing_enabled":true,"jetpack_featured_media_url":"","jetpack_shortlink":"https:\/\/wp.me\/paAhe5-6M","jetpack-related-posts":[{"id":826,"url":"https:\/\/www.minutenzeiger.de\/?p=826","url_meta":{"origin":420,"position":0},"title":"\u00d6ffentlich-rechtlicher Rundfunk: Wie einseitig sind die Nachrichten? | Telepolis","author":"Gonmag","date":"3. Februar 2024","format":false,"excerpt":"Studie \"Was fehlt?\" nimmt \u00d6RR unter die Lupe: Es zeigt sich ein sehr deutlicher Sichtbarkeitsvorsprung der Regierungs- gegen\u00fcber den Oppositionsparteien. Quelle: \u00d6ffentlich-rechtlicher Rundfunk: Wie einseitig sind die Nachrichten? | Telepolis","rel":"","context":"In &quot;Medien&quot;","block_context":{"text":"Medien","link":"https:\/\/www.minutenzeiger.de\/?cat=8"},"img":{"alt_text":"","src":"","width":0,"height":0},"classes":[]},{"id":500,"url":"https:\/\/www.minutenzeiger.de\/?p=500","url_meta":{"origin":420,"position":1},"title":"Markieren die Anschl\u00e4ge von Paris ein europ\u00e4isches 9\/11?","author":"Gonmag","date":"19. November 2015","format":false,"excerpt":"Markieren die Anschl\u00e4ge von Paris ein europ\u00e4isches 9\/11? - Telepolis \/tp\/artikel\/46\/46604\/","rel":"","context":"In &quot;Gesellschaft&quot;","block_context":{"text":"Gesellschaft","link":"https:\/\/www.minutenzeiger.de\/?cat=3"},"img":{"alt_text":"","src":"","width":0,"height":0},"classes":[]},{"id":74,"url":"https:\/\/www.minutenzeiger.de\/?p=74","url_meta":{"origin":420,"position":2},"title":"Die Ukraine auf dem Weg in die Barbarei","author":"Gonmag","date":"14. Januar 2015","format":false,"excerpt":"Die Ukraine auf dem Weg in die Barbarei - Telepolis \/tp\/artikel\/43\/43829\/","rel":"","context":"In &quot;Allgemein&quot;","block_context":{"text":"Allgemein","link":"https:\/\/www.minutenzeiger.de\/?cat=1"},"img":{"alt_text":"","src":"","width":0,"height":0},"classes":[]},{"id":330,"url":"https:\/\/www.minutenzeiger.de\/?p=330","url_meta":{"origin":420,"position":3},"title":"Die neue Geopolitik","author":"Gonmag","date":"26. Juli 2015","format":false,"excerpt":"Die neue Geopolitik - Telepolis \/tp\/artikel\/45\/45529\/","rel":"","context":"In &quot;Politik&quot;","block_context":{"text":"Politik","link":"https:\/\/www.minutenzeiger.de\/?cat=9"},"img":{"alt_text":"","src":"","width":0,"height":0},"classes":[]},{"id":336,"url":"https:\/\/www.minutenzeiger.de\/?p=336","url_meta":{"origin":420,"position":4},"title":"Die griechische Katastrophe","author":"Gonmag","date":"28. Juli 2015","format":false,"excerpt":"Die griechische Katastrophe - Telepolis \/tp\/artikel\/45\/45553\/","rel":"","context":"In &quot;Gesellschaft&quot;","block_context":{"text":"Gesellschaft","link":"https:\/\/www.minutenzeiger.de\/?cat=3"},"img":{"alt_text":"","src":"","width":0,"height":0},"classes":[]},{"id":378,"url":"https:\/\/www.minutenzeiger.de\/?p=378","url_meta":{"origin":420,"position":5},"title":"Tsipras und die Linken","author":"Gonmag","date":"18. August 2015","format":false,"excerpt":"Tsipras und die Linken - Telepolis \/tp\/artikel\/45\/45723\/","rel":"","context":"In &quot;Politik&quot;","block_context":{"text":"Politik","link":"https:\/\/www.minutenzeiger.de\/?cat=9"},"img":{"alt_text":"","src":"","width":0,"height":0},"classes":[]}],"_links":{"self":[{"href":"https:\/\/www.minutenzeiger.de\/index.php?rest_route=\/wp\/v2\/posts\/420"}],"collection":[{"href":"https:\/\/www.minutenzeiger.de\/index.php?rest_route=\/wp\/v2\/posts"}],"about":[{"href":"https:\/\/www.minutenzeiger.de\/index.php?rest_route=\/wp\/v2\/types\/post"}],"author":[{"embeddable":true,"href":"https:\/\/www.minutenzeiger.de\/index.php?rest_route=\/wp\/v2\/users\/1"}],"replies":[{"embeddable":true,"href":"https:\/\/www.minutenzeiger.de\/index.php?rest_route=%2Fwp%2Fv2%2Fcomments&post=420"}],"version-history":[{"count":1,"href":"https:\/\/www.minutenzeiger.de\/index.php?rest_route=\/wp\/v2\/posts\/420\/revisions"}],"predecessor-version":[{"id":421,"href":"https:\/\/www.minutenzeiger.de\/index.php?rest_route=\/wp\/v2\/posts\/420\/revisions\/421"}],"wp:attachment":[{"href":"https:\/\/www.minutenzeiger.de\/index.php?rest_route=%2Fwp%2Fv2%2Fmedia&parent=420"}],"wp:term":[{"taxonomy":"category","embeddable":true,"href":"https:\/\/www.minutenzeiger.de\/index.php?rest_route=%2Fwp%2Fv2%2Fcategories&post=420"},{"taxonomy":"post_tag","embeddable":true,"href":"https:\/\/www.minutenzeiger.de\/index.php?rest_route=%2Fwp%2Fv2%2Ftags&post=420"}],"curies":[{"name":"wp","href":"https:\/\/api.w.org\/{rel}","templated":true}]}}