{"id":412,"date":"2015-09-12T21:18:45","date_gmt":"2015-09-12T20:18:45","guid":{"rendered":"http:\/\/www.minutenzeiger.de\/?p=412"},"modified":"2015-09-12T21:18:45","modified_gmt":"2015-09-12T20:18:45","slug":"amok-der-ausschlaggebende-ausloeser-antidepressiva","status":"publish","type":"post","link":"https:\/\/www.minutenzeiger.de\/?p=412","title":{"rendered":"Amok: Der ausschlaggebende Ausl\u00f6ser Antidepressiva?"},"content":{"rendered":"<p>Amok: Der ausschlaggebende Ausl\u00f6ser Antidepressiva? &#8211; Telepolis \/tp\/artikel\/45\/45869\/<\/p>\n","protected":false},"excerpt":{"rendered":"<p>Amok: Der ausschlaggebende Ausl\u00f6ser Antidepressiva? &#8211; Telepolis \/tp\/artikel\/45\/45869\/<\/p>\n","protected":false},"author":1,"featured_media":0,"comment_status":"closed","ping_status":"open","sticky":false,"template":"","format":"standard","meta":{"jetpack_post_was_ever_published":false,"_jetpack_newsletter_access":"","_jetpack_newsletter_tier_id":0},"categories":[3,10,8,9],"tags":[],"jetpack_sharing_enabled":true,"jetpack_featured_media_url":"","jetpack_shortlink":"https:\/\/wp.me\/paAhe5-6E","jetpack-related-posts":[{"id":5,"url":"https:\/\/www.minutenzeiger.de\/?p=5","url_meta":{"origin":412,"position":0},"title":"Tagesschau: Ulrich Beck ist tot","author":"Gonmag","date":"3. Januar 2015","format":false,"excerpt":"Interessanter Artikel der Tagesschau: Titel: Ulrich Beck ist tot Kurztext: Der deutsche Soziologe Ulrich Beck ist gestorben. Nach Informationen der \"S\u00fcddeutschen Zeitung\" starb er an den Folgen eines Herzinfarkts. Beck wurde 70 Jahre alt. Der Soziologe pr\u00e4gte den Begriff der \"Risikogesellschaft\". Link: http:\/\/www.tagesschau.de\/inland\/ulrich-beck-gestorben-101.html Die App der Tagesschau zum Download: http:\/\/www.tagesschau.de\/app\/","rel":"","context":"In &quot;Menschen&quot;","block_context":{"text":"Menschen","link":"https:\/\/www.minutenzeiger.de\/?cat=2"},"img":{"alt_text":"","src":"","width":0,"height":0},"classes":[]},{"id":16,"url":"https:\/\/www.minutenzeiger.de\/?p=16","url_meta":{"origin":412,"position":1},"title":"Gregor Gog, der &#8222;K\u00f6nig der Vagabunden&#8220;","author":"Gonmag","date":"4. Januar 2015","format":false,"excerpt":"Gregor Gog, der \"K\u00f6nig der Vagabunden\" - Telepolis \/tp\/artikel\/43\/43641\/","rel":"","context":"In &quot;Gesellschaft&quot;","block_context":{"text":"Gesellschaft","link":"https:\/\/www.minutenzeiger.de\/?cat=3"},"img":{"alt_text":"","src":"","width":0,"height":0},"classes":[]},{"id":374,"url":"https:\/\/www.minutenzeiger.de\/?p=374","url_meta":{"origin":412,"position":2},"title":"Der Tausch &#8211; Kritik der politischen \u00d6kumene","author":"Gonmag","date":"13. August 2015","format":false,"excerpt":"Der Tausch - Kritik der politischen \u00d6kumene - Telepolis \/tp\/artikel\/45\/45699\/","rel":"","context":"In &quot;Gesellschaft&quot;","block_context":{"text":"Gesellschaft","link":"https:\/\/www.minutenzeiger.de\/?cat=3"},"img":{"alt_text":"","src":"","width":0,"height":0},"classes":[]},{"id":612,"url":"https:\/\/www.minutenzeiger.de\/?p=612","url_meta":{"origin":412,"position":3},"title":"Verm\u00f6gensgewinne der Multimilliard\u00e4re und das Ende des Hungers","author":"Gonmag","date":"7. Juli 2023","format":false,"excerpt":"Verm\u00f6genszuwachs der reichsten Menschen der Welt nimmt gigantische Ausma\u00dfe an. In diesem Licht erscheinen Hunger und Armut auf der Erde als leicht zu l\u00f6sende Probleme. Wenn man tr\u00e4umen d\u00fcrfte. Quelle: Verm\u00f6gensgewinne der Multimilliard\u00e4re und das Ende des Hungers","rel":"","context":"In &quot;Ern\u00e4hrung&quot;","block_context":{"text":"Ern\u00e4hrung","link":"https:\/\/www.minutenzeiger.de\/?cat=13"},"img":{"alt_text":"","src":"","width":0,"height":0},"classes":[]},{"id":72,"url":"https:\/\/www.minutenzeiger.de\/?p=72","url_meta":{"origin":412,"position":4},"title":"Der typische PEGIDA-Demonstrant geh\u00f6rt der Mittelschicht an","author":"Gonmag","date":"14. Januar 2015","format":false,"excerpt":"Der typische PEGIDA-Demonstrant geh\u00f6rt der Mittelschicht an - Telepolis \/tp\/artikel\/43\/43857\/","rel":"","context":"In &quot;Gesellschaft&quot;","block_context":{"text":"Gesellschaft","link":"https:\/\/www.minutenzeiger.de\/?cat=3"},"img":{"alt_text":"","src":"","width":0,"height":0},"classes":[]},{"id":542,"url":"https:\/\/www.minutenzeiger.de\/?p=542","url_meta":{"origin":412,"position":5},"title":"Der Terror n\u00fctzt der herrschenden Elite","author":"Gonmag","date":"3. Januar 2017","format":false,"excerpt":"Der Terror n\u00fctzt der herrschenden Elite - Telepolis http:\/\/heise.de\/-3583096","rel":"","context":"In &quot;Gesellschaft&quot;","block_context":{"text":"Gesellschaft","link":"https:\/\/www.minutenzeiger.de\/?cat=3"},"img":{"alt_text":"","src":"","width":0,"height":0},"classes":[]}],"_links":{"self":[{"href":"https:\/\/www.minutenzeiger.de\/index.php?rest_route=\/wp\/v2\/posts\/412"}],"collection":[{"href":"https:\/\/www.minutenzeiger.de\/index.php?rest_route=\/wp\/v2\/posts"}],"about":[{"href":"https:\/\/www.minutenzeiger.de\/index.php?rest_route=\/wp\/v2\/types\/post"}],"author":[{"embeddable":true,"href":"https:\/\/www.minutenzeiger.de\/index.php?rest_route=\/wp\/v2\/users\/1"}],"replies":[{"embeddable":true,"href":"https:\/\/www.minutenzeiger.de\/index.php?rest_route=%2Fwp%2Fv2%2Fcomments&post=412"}],"version-history":[{"count":1,"href":"https:\/\/www.minutenzeiger.de\/index.php?rest_route=\/wp\/v2\/posts\/412\/revisions"}],"predecessor-version":[{"id":413,"href":"https:\/\/www.minutenzeiger.de\/index.php?rest_route=\/wp\/v2\/posts\/412\/revisions\/413"}],"wp:attachment":[{"href":"https:\/\/www.minutenzeiger.de\/index.php?rest_route=%2Fwp%2Fv2%2Fmedia&parent=412"}],"wp:term":[{"taxonomy":"category","embeddable":true,"href":"https:\/\/www.minutenzeiger.de\/index.php?rest_route=%2Fwp%2Fv2%2Fcategories&post=412"},{"taxonomy":"post_tag","embeddable":true,"href":"https:\/\/www.minutenzeiger.de\/index.php?rest_route=%2Fwp%2Fv2%2Ftags&post=412"}],"curies":[{"name":"wp","href":"https:\/\/api.w.org\/{rel}","templated":true}]}}