{"id":404,"date":"2015-09-05T20:34:03","date_gmt":"2015-09-05T19:34:03","guid":{"rendered":"http:\/\/www.minutenzeiger.de\/?p=404"},"modified":"2015-09-05T20:34:03","modified_gmt":"2015-09-05T19:34:03","slug":"anthony-giddens-nutzen-wir-die-chancen-des-digitalen-zeitalters","status":"publish","type":"post","link":"https:\/\/www.minutenzeiger.de\/?p=404","title":{"rendered":"Anthony Giddens: Nutzen wir die Chancen des digitalen Zeitalters"},"content":{"rendered":"<p>Anthony Giddens: Nutzen wir die Chancen des digitalen Zeitalters &#8211; heise online <a href=\"http:\/\/heise.de\/-2806110\">http:\/\/heise.de\/-2806110<\/a><\/p>\n","protected":false},"excerpt":{"rendered":"<p>Anthony Giddens: Nutzen wir die Chancen des digitalen Zeitalters &#8211; heise online http:\/\/heise.de\/-2806110<\/p>\n","protected":false},"author":1,"featured_media":0,"comment_status":"closed","ping_status":"open","sticky":false,"template":"","format":"standard","meta":{"jetpack_post_was_ever_published":false,"_jetpack_newsletter_access":"","_jetpack_newsletter_tier_id":0},"categories":[3,11,9],"tags":[],"jetpack_sharing_enabled":true,"jetpack_featured_media_url":"","jetpack_shortlink":"https:\/\/wp.me\/paAhe5-6w","jetpack-related-posts":[{"id":120,"url":"https:\/\/www.minutenzeiger.de\/?p=120","url_meta":{"origin":404,"position":0},"title":"Homeless oder Beauty im Digitalen","author":"Gonmag","date":"19. Januar 2015","format":false,"excerpt":"Homeless oder Beauty im Digitalen - Telepolis http:\/\/heise.de\/-2518056","rel":"","context":"In &quot;Gesellschaft&quot;","block_context":{"text":"Gesellschaft","link":"https:\/\/www.minutenzeiger.de\/?cat=3"},"img":{"alt_text":"","src":"","width":0,"height":0},"classes":[]},{"id":522,"url":"https:\/\/www.minutenzeiger.de\/?p=522","url_meta":{"origin":404,"position":1},"title":"Leben in digitalen Parallelgesellschaften","author":"Gonmag","date":"22. Februar 2016","format":false,"excerpt":"Leben in digitalen Parallelgesellschaften - Telepolis http:\/\/www.heise.de\/tp\/artikel\/47\/47477\/1.html","rel":"","context":"In &quot;Gesellschaft&quot;","block_context":{"text":"Gesellschaft","link":"https:\/\/www.minutenzeiger.de\/?cat=3"},"img":{"alt_text":"","src":"","width":0,"height":0},"classes":[]},{"id":932,"url":"https:\/\/www.minutenzeiger.de\/?p=932","url_meta":{"origin":404,"position":2},"title":"Medienforscherin kritisiert ein generelles Social-Media-Verbot | heise online","author":"Gonmag","date":"12. M\u00e4rz 2026","format":false,"excerpt":"Analoge Probleme lassen sich nicht mit einem digitalen Verbot beheben und die Alterskontrolle funktioniert nicht wie an der Kasse. Quelle: Medienforscherin kritisiert ein generelles Social-Media-Verbot | heise online","rel":"","context":"In &quot;AI\/KI&quot;","block_context":{"text":"AI\/KI","link":"https:\/\/www.minutenzeiger.de\/?cat=16"},"img":{"alt_text":"","src":"","width":0,"height":0},"classes":[]},{"id":700,"url":"https:\/\/www.minutenzeiger.de\/?p=700","url_meta":{"origin":404,"position":3},"title":"Im Blindflug in die Abh\u00e4ngigkeit: Was wir \u00fcber KI ausblenden | Telepolis","author":"Gonmag","date":"25. Juli 2023","format":false,"excerpt":"Eine neue Studie untersucht mit K\u00fcnstlicher Intelligenz, wie wir mit KI umgehen. Was dabei herauskommt, ist verbl\u00fcffend. Ein Land verliert dabei den Anschluss. Quelle: Im Blindflug in die Abh\u00e4ngigkeit: Was wir \u00fcber KI ausblenden | Telepolis","rel":"","context":"In &quot;AI\/KI&quot;","block_context":{"text":"AI\/KI","link":"https:\/\/www.minutenzeiger.de\/?cat=16"},"img":{"alt_text":"","src":"","width":0,"height":0},"classes":[]},{"id":246,"url":"https:\/\/www.minutenzeiger.de\/?p=246","url_meta":{"origin":404,"position":4},"title":"&#8222;Die ganze Privatisierung hat dazu gef\u00fchrt, dass wir mittlerweile fast realsozialistische Verh\u00e4ltnisse haben&#8220;","author":"Gonmag","date":"1. Mai 2015","format":false,"excerpt":"\"Die ganze Privatisierung hat dazu gef\u00fchrt, dass wir mittlerweile fast realsozialistische Verh\u00e4ltnisse haben\" - Telepolis \/tp\/artikel\/44\/44751\/","rel":"","context":"In &quot;Gesellschaft&quot;","block_context":{"text":"Gesellschaft","link":"https:\/\/www.minutenzeiger.de\/?cat=3"},"img":{"alt_text":"","src":"","width":0,"height":0},"classes":[]},{"id":770,"url":"https:\/\/www.minutenzeiger.de\/?p=770","url_meta":{"origin":404,"position":5},"title":"KI: Warum wir gro\u00dfe Sprachmodelle nicht wie Menschen behandeln sollten | heise online","author":"Gonmag","date":"7. September 2023","format":false,"excerpt":"Angesichts der Bef\u00fcrchtungen, die mit KI einhergehen, wird es Zeit, sich zu verst\u00e4ndigen, was sie wirklich leisten kann. Das beginnt schon bei Testverfahren. Quelle: KI: Warum wir gro\u00dfe Sprachmodelle nicht wie Menschen behandeln sollten | heise online","rel":"","context":"In &quot;AI\/KI&quot;","block_context":{"text":"AI\/KI","link":"https:\/\/www.minutenzeiger.de\/?cat=16"},"img":{"alt_text":"","src":"","width":0,"height":0},"classes":[]}],"_links":{"self":[{"href":"https:\/\/www.minutenzeiger.de\/index.php?rest_route=\/wp\/v2\/posts\/404"}],"collection":[{"href":"https:\/\/www.minutenzeiger.de\/index.php?rest_route=\/wp\/v2\/posts"}],"about":[{"href":"https:\/\/www.minutenzeiger.de\/index.php?rest_route=\/wp\/v2\/types\/post"}],"author":[{"embeddable":true,"href":"https:\/\/www.minutenzeiger.de\/index.php?rest_route=\/wp\/v2\/users\/1"}],"replies":[{"embeddable":true,"href":"https:\/\/www.minutenzeiger.de\/index.php?rest_route=%2Fwp%2Fv2%2Fcomments&post=404"}],"version-history":[{"count":1,"href":"https:\/\/www.minutenzeiger.de\/index.php?rest_route=\/wp\/v2\/posts\/404\/revisions"}],"predecessor-version":[{"id":405,"href":"https:\/\/www.minutenzeiger.de\/index.php?rest_route=\/wp\/v2\/posts\/404\/revisions\/405"}],"wp:attachment":[{"href":"https:\/\/www.minutenzeiger.de\/index.php?rest_route=%2Fwp%2Fv2%2Fmedia&parent=404"}],"wp:term":[{"taxonomy":"category","embeddable":true,"href":"https:\/\/www.minutenzeiger.de\/index.php?rest_route=%2Fwp%2Fv2%2Fcategories&post=404"},{"taxonomy":"post_tag","embeddable":true,"href":"https:\/\/www.minutenzeiger.de\/index.php?rest_route=%2Fwp%2Fv2%2Ftags&post=404"}],"curies":[{"name":"wp","href":"https:\/\/api.w.org\/{rel}","templated":true}]}}