{"id":398,"date":"2015-09-04T20:16:25","date_gmt":"2015-09-04T19:16:25","guid":{"rendered":"http:\/\/www.minutenzeiger.de\/?p=398"},"modified":"2015-09-04T20:16:25","modified_gmt":"2015-09-04T19:16:25","slug":"das-reichste-prozent-in-deutschland-besitzt-ein-drittel-des-gesamtvermoegens","status":"publish","type":"post","link":"https:\/\/www.minutenzeiger.de\/?p=398","title":{"rendered":"Das reichste Prozent in Deutschland besitzt ein Drittel des Gesamtverm\u00f6gens"},"content":{"rendered":"<p>Das reichste Prozent in Deutschland besitzt ein Drittel des Gesamtverm\u00f6gens &#8211; Telepolis \/tp\/artikel\/45\/45883\/<\/p>\n","protected":false},"excerpt":{"rendered":"<p>Das reichste Prozent in Deutschland besitzt ein Drittel des Gesamtverm\u00f6gens &#8211; Telepolis \/tp\/artikel\/45\/45883\/<\/p>\n","protected":false},"author":1,"featured_media":0,"comment_status":"closed","ping_status":"open","sticky":false,"template":"","format":"standard","meta":{"jetpack_post_was_ever_published":false,"_jetpack_newsletter_access":"","_jetpack_newsletter_tier_id":0},"categories":[3,9],"tags":[],"jetpack_sharing_enabled":true,"jetpack_featured_media_url":"","jetpack_shortlink":"https:\/\/wp.me\/paAhe5-6q","jetpack-related-posts":[{"id":110,"url":"https:\/\/www.minutenzeiger.de\/?p=110","url_meta":{"origin":398,"position":0},"title":"Armutsstudie von Oxfam: Das reichste Prozent besitzt mehr als alle anderen zusammen &#8211; SPIEGEL ONLINE","author":"Gonmag","date":"19. Januar 2015","format":false,"excerpt":"http:\/\/spon.de\/aepRr","rel":"","context":"In &quot;Gesellschaft&quot;","block_context":{"text":"Gesellschaft","link":"https:\/\/www.minutenzeiger.de\/?cat=3"},"img":{"alt_text":"","src":"","width":0,"height":0},"classes":[]},{"id":632,"url":"https:\/\/www.minutenzeiger.de\/?p=632","url_meta":{"origin":398,"position":1},"title":"Nein, Deutschland beeinflusst nicht nur 0,000028 Prozent des weltweiten CO2-Aussto\u00dfes","author":"Gonmag","date":"9. Juli 2023","format":false,"excerpt":"Die von Robert Farle, fraktionsloses Bundestag-Mitglied, aufgestellte Rechnung zum Klimawandel ist falsch. Deutschlands CO2-Anteil liegt h\u00f6her. Quelle: Nein, Deutschland beeinflusst nicht nur 0,000028 Prozent des weltweiten CO2-Aussto\u00dfes","rel":"","context":"In &quot;Klima&quot;","block_context":{"text":"Klima","link":"https:\/\/www.minutenzeiger.de\/?cat=17"},"img":{"alt_text":"","src":"","width":0,"height":0},"classes":[]},{"id":668,"url":"https:\/\/www.minutenzeiger.de\/?p=668","url_meta":{"origin":398,"position":2},"title":"H\u00e4usliche Gewalt: Fast 160.000 Opfer im vergangenen Jahr","author":"Gonmag","date":"10. Juli 2023","format":false,"excerpt":"Gewaltt\u00e4tige \u00dcbergriffe in den eigenen vier W\u00e4nden: Dazu kommt es in Deutschland immer \u00f6fter. Im vergangenen Jahr haben die Fallzahlen um 9,4 Prozent zugenommen. Innenministerin Faeser setzt deshalb auf ein neues Bewusstsein in der Gesellschaft. Quelle: H\u00e4usliche Gewalt: Fast 160.000 Opfer im vergangenen Jahr","rel":"","context":"In &quot;Gesellschaft&quot;","block_context":{"text":"Gesellschaft","link":"https:\/\/www.minutenzeiger.de\/?cat=3"},"img":{"alt_text":"","src":"","width":0,"height":0},"classes":[]},{"id":438,"url":"https:\/\/www.minutenzeiger.de\/?p=438","url_meta":{"origin":398,"position":3},"title":"\u00dcber 5.000 Prozent Preissteigerung","author":"Gonmag","date":"24. September 2015","format":false,"excerpt":"\u00dcber 5.000 Prozent Preissteigerung - Telepolis \/tp\/artikel\/46\/46082\/","rel":"","context":"In &quot;Gesellschaft&quot;","block_context":{"text":"Gesellschaft","link":"https:\/\/www.minutenzeiger.de\/?cat=3"},"img":{"alt_text":"","src":"","width":0,"height":0},"classes":[]},{"id":776,"url":"https:\/\/www.minutenzeiger.de\/?p=776","url_meta":{"origin":398,"position":4},"title":"Wof\u00fcr ein B\u00e4cker aus Unterfranken K\u00fcnstliche Intelligenz einsetzt | tagesschau.de","author":"Gonmag","date":"17. September 2023","format":false,"excerpt":"Bei einem B\u00e4cker aus Unterfranken meldet ein KI-System, wenn das Br\u00f6tchenregal Nachschub braucht. Das Handwerk hofft, mit solchen technischen Innovationen auch die Personalnot zu lindern. Von Frank Breitenstein. Quelle: Wof\u00fcr ein B\u00e4cker aus Unterfranken K\u00fcnstliche Intelligenz einsetzt | tagesschau.de","rel":"","context":"In &quot;AI\/KI&quot;","block_context":{"text":"AI\/KI","link":"https:\/\/www.minutenzeiger.de\/?cat=16"},"img":{"alt_text":"","src":"","width":0,"height":0},"classes":[]},{"id":332,"url":"https:\/\/www.minutenzeiger.de\/?p=332","url_meta":{"origin":398,"position":5},"title":"ZDF heute: Das Einmaleins der Spionage","author":"Gonmag","date":"27. Juli 2015","format":false,"excerpt":"Das Einmaleins der Spionage Was darf Spionage? Was ist unter befreundeten Staaten erlaubt? Dar\u00fcber gehen die Ansichten in Deutschland und den USA auseinander. Erstmals \u00e4u\u00dfert sich jetzt NSA-Direktor Rogers gegen\u00fcber dem ZDF. Eines steht fest: Das internationale Spionagegesch\u00e4ft unterscheidet nicht zwischen Freund und Feind. http:\/\/www.heute.de\/nsa-chef-rogers-zu-wikileaks-enthuellungen-das-einmaleins-der-spionage-39438410.html Laden Sie die ZDF heute\u2026","rel":"","context":"In &quot;Gesellschaft&quot;","block_context":{"text":"Gesellschaft","link":"https:\/\/www.minutenzeiger.de\/?cat=3"},"img":{"alt_text":"","src":"","width":0,"height":0},"classes":[]}],"_links":{"self":[{"href":"https:\/\/www.minutenzeiger.de\/index.php?rest_route=\/wp\/v2\/posts\/398"}],"collection":[{"href":"https:\/\/www.minutenzeiger.de\/index.php?rest_route=\/wp\/v2\/posts"}],"about":[{"href":"https:\/\/www.minutenzeiger.de\/index.php?rest_route=\/wp\/v2\/types\/post"}],"author":[{"embeddable":true,"href":"https:\/\/www.minutenzeiger.de\/index.php?rest_route=\/wp\/v2\/users\/1"}],"replies":[{"embeddable":true,"href":"https:\/\/www.minutenzeiger.de\/index.php?rest_route=%2Fwp%2Fv2%2Fcomments&post=398"}],"version-history":[{"count":1,"href":"https:\/\/www.minutenzeiger.de\/index.php?rest_route=\/wp\/v2\/posts\/398\/revisions"}],"predecessor-version":[{"id":399,"href":"https:\/\/www.minutenzeiger.de\/index.php?rest_route=\/wp\/v2\/posts\/398\/revisions\/399"}],"wp:attachment":[{"href":"https:\/\/www.minutenzeiger.de\/index.php?rest_route=%2Fwp%2Fv2%2Fmedia&parent=398"}],"wp:term":[{"taxonomy":"category","embeddable":true,"href":"https:\/\/www.minutenzeiger.de\/index.php?rest_route=%2Fwp%2Fv2%2Fcategories&post=398"},{"taxonomy":"post_tag","embeddable":true,"href":"https:\/\/www.minutenzeiger.de\/index.php?rest_route=%2Fwp%2Fv2%2Ftags&post=398"}],"curies":[{"name":"wp","href":"https:\/\/api.w.org\/{rel}","templated":true}]}}