{"id":396,"date":"2015-09-02T20:04:37","date_gmt":"2015-09-02T19:04:37","guid":{"rendered":"http:\/\/www.minutenzeiger.de\/?p=396"},"modified":"2015-09-02T20:04:37","modified_gmt":"2015-09-02T19:04:37","slug":"haben-sie-endlich-weniger-mitleid-mit-fluechtlingen","status":"publish","type":"post","link":"https:\/\/www.minutenzeiger.de\/?p=396","title":{"rendered":"Haben Sie endlich weniger Mitleid mit Fl\u00fcchtlingen!"},"content":{"rendered":"<p>Haben Sie endlich weniger Mitleid mit Fl\u00fcchtlingen! &#8211; Telepolis \/tp\/artikel\/45\/45862\/<\/p>\n","protected":false},"excerpt":{"rendered":"<p>Haben Sie endlich weniger Mitleid mit Fl\u00fcchtlingen! &#8211; Telepolis \/tp\/artikel\/45\/45862\/<\/p>\n","protected":false},"author":1,"featured_media":0,"comment_status":"closed","ping_status":"open","sticky":false,"template":"","format":"standard","meta":{"jetpack_post_was_ever_published":false,"_jetpack_newsletter_access":"","_jetpack_newsletter_tier_id":0},"categories":[3,8,9],"tags":[],"jetpack_sharing_enabled":true,"jetpack_featured_media_url":"","jetpack_shortlink":"https:\/\/wp.me\/paAhe5-6o","jetpack-related-posts":[{"id":886,"url":"https:\/\/www.minutenzeiger.de\/?p=886","url_meta":{"origin":396,"position":0},"title":"Wissenschaftsjournalistin \u00fcber Flora: \u201ePflanzen nehmen fein wahr\u201c &#8211; taz.de","author":"Gonmag","date":"29. September 2024","format":false,"excerpt":"Tiere sind f\u00fchlende Wesen, so weit sind wir heute. Aber muss man Mitleid mit Pflanzen haben? Ein Gespr\u00e4ch \u00fcber Schmerz und Kommunikation der Flora. Quelle: Wissenschaftsjournalistin \u00fcber Flora: \u201ePflanzen nehmen fein wahr\u201c - taz.de","rel":"","context":"In &quot;Ern\u00e4hrung&quot;","block_context":{"text":"Ern\u00e4hrung","link":"https:\/\/www.minutenzeiger.de\/?cat=13"},"img":{"alt_text":"","src":"","width":0,"height":0},"classes":[]},{"id":322,"url":"https:\/\/www.minutenzeiger.de\/?p=322","url_meta":{"origin":396,"position":1},"title":"MH17: US-Geheimdienste sollen endlich liefern","author":"Gonmag","date":"24. Juli 2015","format":false,"excerpt":"MH17: US-Geheimdienste sollen endlich liefern - Telepolis \/tp\/artikel\/45\/45525\/","rel":"","context":"In &quot;Gesellschaft&quot;","block_context":{"text":"Gesellschaft","link":"https:\/\/www.minutenzeiger.de\/?cat=3"},"img":{"alt_text":"","src":"","width":0,"height":0},"classes":[]},{"id":629,"url":"https:\/\/www.minutenzeiger.de\/?p=629","url_meta":{"origin":396,"position":2},"title":"&#8222;Moms for Liberty&#8220;: Neue extreme Stimme im US-Kulturkampf","author":"Gonmag","date":"8. Juli 2023","format":false,"excerpt":"Die \"M\u00fctter f\u00fcr die Freiheit\" haben sich zur wichtigen Kraft bei den US-Republikanern entwickelt. Sie wollen die, wie sie meinen, Indoktrinierung durch Liberale verhindern. Kritiker sehen sie als rechtsextremistische Hassgruppe. Von K. Brand. Quelle: \"Moms for Liberty\": Neue extreme Stimme im US-Kulturkampf","rel":"","context":"In &quot;Gesellschaft&quot;","block_context":{"text":"Gesellschaft","link":"https:\/\/www.minutenzeiger.de\/?cat=3"},"img":{"alt_text":"","src":"","width":0,"height":0},"classes":[]},{"id":300,"url":"https:\/\/www.minutenzeiger.de\/?p=300","url_meta":{"origin":396,"position":3},"title":"Griechenland und die Folgen: Sie haben mir Europa kaputt gemacht &#8211; SPIEGEL ONLINE","author":"Gonmag","date":"15. Juli 2015","format":false,"excerpt":"http:\/\/spon.de\/aexHj","rel":"","context":"In &quot;Gesellschaft&quot;","block_context":{"text":"Gesellschaft","link":"https:\/\/www.minutenzeiger.de\/?cat=3"},"img":{"alt_text":"","src":"","width":0,"height":0},"classes":[]},{"id":810,"url":"https:\/\/www.minutenzeiger.de\/?p=810","url_meta":{"origin":396,"position":4},"title":"Studie: Zufriedener dank 30 Minuten weniger Social Media t\u00e4glich","author":"Gonmag","date":"15. Dezember 2023","format":false,"excerpt":"Wer die Social-Media-Nutzung um eine halbe Stunde t\u00e4glich reduziert, ist zufriedener und engagierter im Job. Auch depressive Symptome k\u00f6nnen verringert werden, zeigt eine aktuelle Studie. Quelle: Studie: Zufriedener dank 30 Minuten weniger Social Media t\u00e4glich","rel":"","context":"In &quot;Gesellschaft&quot;","block_context":{"text":"Gesellschaft","link":"https:\/\/www.minutenzeiger.de\/?cat=3"},"img":{"alt_text":"","src":"","width":0,"height":0},"classes":[]},{"id":785,"url":"https:\/\/www.minutenzeiger.de\/?p=785","url_meta":{"origin":396,"position":5},"title":"Verb\u00e4nde kritisieren K\u00fcrzungen: &#8222;Dann gibt es kein soziales Netz mehr&#8220;","author":"Gonmag","date":"14. Oktober 2023","format":false,"excerpt":"Caritas und Diakonie schlagen Alarm: Der Bund will weniger Geld f\u00fcr Kinder- und Jugendhilfe, Migrations- und Schuldnerberatung ausgeben. Die Sozialverb\u00e4nde bef\u00fcrchten Risse im sozialen Netz. Von Eckhart Querner. Quelle: Verb\u00e4nde kritisieren K\u00fcrzungen: \"Dann gibt es kein soziales Netz mehr\"","rel":"","context":"In &quot;Gesellschaft&quot;","block_context":{"text":"Gesellschaft","link":"https:\/\/www.minutenzeiger.de\/?cat=3"},"img":{"alt_text":"","src":"","width":0,"height":0},"classes":[]}],"_links":{"self":[{"href":"https:\/\/www.minutenzeiger.de\/index.php?rest_route=\/wp\/v2\/posts\/396"}],"collection":[{"href":"https:\/\/www.minutenzeiger.de\/index.php?rest_route=\/wp\/v2\/posts"}],"about":[{"href":"https:\/\/www.minutenzeiger.de\/index.php?rest_route=\/wp\/v2\/types\/post"}],"author":[{"embeddable":true,"href":"https:\/\/www.minutenzeiger.de\/index.php?rest_route=\/wp\/v2\/users\/1"}],"replies":[{"embeddable":true,"href":"https:\/\/www.minutenzeiger.de\/index.php?rest_route=%2Fwp%2Fv2%2Fcomments&post=396"}],"version-history":[{"count":1,"href":"https:\/\/www.minutenzeiger.de\/index.php?rest_route=\/wp\/v2\/posts\/396\/revisions"}],"predecessor-version":[{"id":397,"href":"https:\/\/www.minutenzeiger.de\/index.php?rest_route=\/wp\/v2\/posts\/396\/revisions\/397"}],"wp:attachment":[{"href":"https:\/\/www.minutenzeiger.de\/index.php?rest_route=%2Fwp%2Fv2%2Fmedia&parent=396"}],"wp:term":[{"taxonomy":"category","embeddable":true,"href":"https:\/\/www.minutenzeiger.de\/index.php?rest_route=%2Fwp%2Fv2%2Fcategories&post=396"},{"taxonomy":"post_tag","embeddable":true,"href":"https:\/\/www.minutenzeiger.de\/index.php?rest_route=%2Fwp%2Fv2%2Ftags&post=396"}],"curies":[{"name":"wp","href":"https:\/\/api.w.org\/{rel}","templated":true}]}}