{"id":388,"date":"2015-08-27T21:02:09","date_gmt":"2015-08-27T20:02:09","guid":{"rendered":"http:\/\/www.minutenzeiger.de\/?p=388"},"modified":"2015-08-27T21:02:09","modified_gmt":"2015-08-27T20:02:09","slug":"hass-mit-hass-bekaempfen","status":"publish","type":"post","link":"https:\/\/www.minutenzeiger.de\/?p=388","title":{"rendered":"Hass mit Hass bek\u00e4mpfen?"},"content":{"rendered":"<p>Hass mit Hass bek\u00e4mpfen? &#8211; Telepolis \/tp\/artikel\/45\/45822\/<\/p>\n","protected":false},"excerpt":{"rendered":"<p>Hass mit Hass bek\u00e4mpfen? &#8211; Telepolis \/tp\/artikel\/45\/45822\/<\/p>\n","protected":false},"author":1,"featured_media":0,"comment_status":"closed","ping_status":"open","sticky":false,"template":"","format":"standard","meta":{"jetpack_post_was_ever_published":false,"_jetpack_newsletter_access":"","_jetpack_newsletter_tier_id":0},"categories":[3,4],"tags":[],"jetpack_sharing_enabled":true,"jetpack_featured_media_url":"","jetpack_shortlink":"https:\/\/wp.me\/paAhe5-6g","jetpack-related-posts":[{"id":318,"url":"https:\/\/www.minutenzeiger.de\/?p=318","url_meta":{"origin":388,"position":0},"title":"Deutsche Bank: Gesch\u00e4fte mit dem Krieg","author":"Gonmag","date":"22. Juli 2015","format":false,"excerpt":"Deutsche Bank: Gesch\u00e4fte mit dem Krieg - Telepolis \/tp\/artikel\/45\/45506\/","rel":"","context":"In &quot;Gesellschaft&quot;","block_context":{"text":"Gesellschaft","link":"https:\/\/www.minutenzeiger.de\/?cat=3"},"img":{"alt_text":"","src":"","width":0,"height":0},"classes":[]},{"id":350,"url":"https:\/\/www.minutenzeiger.de\/?p=350","url_meta":{"origin":388,"position":1},"title":"Landesverrats-Farce: Warum sich die Regierung derart verheddert?","author":"Gonmag","date":"3. August 2015","format":false,"excerpt":"Landesverrats-Farce: Warum sich die Regierung derart verheddert? - Telepolis \/tp\/artikel\/45\/45608\/","rel":"","context":"In &quot;Gesellschaft&quot;","block_context":{"text":"Gesellschaft","link":"https:\/\/www.minutenzeiger.de\/?cat=3"},"img":{"alt_text":"","src":"","width":0,"height":0},"classes":[]},{"id":292,"url":"https:\/\/www.minutenzeiger.de\/?p=292","url_meta":{"origin":388,"position":2},"title":"Die EZB &#8211; Eine Notenbank mit politischer Agenda","author":"Gonmag","date":"11. Juli 2015","format":false,"excerpt":"Die EZB - Eine Notenbank mit politischer Agenda - Telepolis \/tp\/artikel\/45\/45392\/","rel":"","context":"In &quot;Gesellschaft&quot;","block_context":{"text":"Gesellschaft","link":"https:\/\/www.minutenzeiger.de\/?cat=3"},"img":{"alt_text":"","src":"","width":0,"height":0},"classes":[]},{"id":396,"url":"https:\/\/www.minutenzeiger.de\/?p=396","url_meta":{"origin":388,"position":3},"title":"Haben Sie endlich weniger Mitleid mit Fl\u00fcchtlingen!","author":"Gonmag","date":"2. September 2015","format":false,"excerpt":"Haben Sie endlich weniger Mitleid mit Fl\u00fcchtlingen! - Telepolis \/tp\/artikel\/45\/45862\/","rel":"","context":"In &quot;Gesellschaft&quot;","block_context":{"text":"Gesellschaft","link":"https:\/\/www.minutenzeiger.de\/?cat=3"},"img":{"alt_text":"","src":"","width":0,"height":0},"classes":[]},{"id":362,"url":"https:\/\/www.minutenzeiger.de\/?p=362","url_meta":{"origin":388,"position":4},"title":"Ermittlungen gegen Netzpolitik.org dienen objektiv der Einsch\u00fcchterung von Journalisten und Informanten","author":"Gonmag","date":"8. August 2015","format":false,"excerpt":"Ermittlungen gegen Netzpolitik.org dienen objektiv der Einsch\u00fcchterung von Journalisten und Informanten - Telepolis \/tp\/artikel\/45\/45661\/","rel":"","context":"In &quot;Gesellschaft&quot;","block_context":{"text":"Gesellschaft","link":"https:\/\/www.minutenzeiger.de\/?cat=3"},"img":{"alt_text":"","src":"","width":0,"height":0},"classes":[]},{"id":172,"url":"https:\/\/www.minutenzeiger.de\/?p=172","url_meta":{"origin":388,"position":5},"title":"Die neuen europ\u00e4ischen \u00dcberwachungsma\u00dfnahmen","author":"Gonmag","date":"30. Januar 2015","format":false,"excerpt":"Die neuen europ\u00e4ischen \u00dcberwachungsma\u00dfnahmen - Telepolis \/tp\/artikel\/44\/44013\/","rel":"","context":"In &quot;Gesellschaft&quot;","block_context":{"text":"Gesellschaft","link":"https:\/\/www.minutenzeiger.de\/?cat=3"},"img":{"alt_text":"","src":"","width":0,"height":0},"classes":[]}],"_links":{"self":[{"href":"https:\/\/www.minutenzeiger.de\/index.php?rest_route=\/wp\/v2\/posts\/388"}],"collection":[{"href":"https:\/\/www.minutenzeiger.de\/index.php?rest_route=\/wp\/v2\/posts"}],"about":[{"href":"https:\/\/www.minutenzeiger.de\/index.php?rest_route=\/wp\/v2\/types\/post"}],"author":[{"embeddable":true,"href":"https:\/\/www.minutenzeiger.de\/index.php?rest_route=\/wp\/v2\/users\/1"}],"replies":[{"embeddable":true,"href":"https:\/\/www.minutenzeiger.de\/index.php?rest_route=%2Fwp%2Fv2%2Fcomments&post=388"}],"version-history":[{"count":1,"href":"https:\/\/www.minutenzeiger.de\/index.php?rest_route=\/wp\/v2\/posts\/388\/revisions"}],"predecessor-version":[{"id":389,"href":"https:\/\/www.minutenzeiger.de\/index.php?rest_route=\/wp\/v2\/posts\/388\/revisions\/389"}],"wp:attachment":[{"href":"https:\/\/www.minutenzeiger.de\/index.php?rest_route=%2Fwp%2Fv2%2Fmedia&parent=388"}],"wp:term":[{"taxonomy":"category","embeddable":true,"href":"https:\/\/www.minutenzeiger.de\/index.php?rest_route=%2Fwp%2Fv2%2Fcategories&post=388"},{"taxonomy":"post_tag","embeddable":true,"href":"https:\/\/www.minutenzeiger.de\/index.php?rest_route=%2Fwp%2Fv2%2Ftags&post=388"}],"curies":[{"name":"wp","href":"https:\/\/api.w.org\/{rel}","templated":true}]}}