{"id":36,"date":"2015-01-09T05:43:47","date_gmt":"2015-01-09T04:43:47","guid":{"rendered":"http:\/\/www.minutenzeiger.de\/?p=36"},"modified":"2015-01-09T05:43:47","modified_gmt":"2015-01-09T04:43:47","slug":"netzpolitik-2014-ein-erfolg-aber-nicht-in-der-politik-politik-digital","status":"publish","type":"post","link":"https:\/\/www.minutenzeiger.de\/?p=36","title":{"rendered":"Netzpolitik 2014: Ein Erfolg, aber nicht in der Politik | Politik Digital"},"content":{"rendered":"<p><a href=\"http:\/\/politik-digital.de\/netzpolitik-2014-ein-erfolg-aber-nicht-in-der-politik\/\">http:\/\/politik-digital.de\/netzpolitik-2014-ein-erfolg-aber-nicht-in-der-politik\/<\/a><\/p>\n","protected":false},"excerpt":{"rendered":"<p>http:\/\/politik-digital.de\/netzpolitik-2014-ein-erfolg-aber-nicht-in-der-politik\/<\/p>\n","protected":false},"author":1,"featured_media":0,"comment_status":"closed","ping_status":"open","sticky":false,"template":"","format":"standard","meta":{"jetpack_post_was_ever_published":false,"_jetpack_newsletter_access":"","_jetpack_newsletter_tier_id":0},"categories":[3],"tags":[],"jetpack_sharing_enabled":true,"jetpack_featured_media_url":"","jetpack_shortlink":"https:\/\/wp.me\/paAhe5-A","jetpack-related-posts":[{"id":635,"url":"https:\/\/www.minutenzeiger.de\/?p=635","url_meta":{"origin":36,"position":0},"title":"Klimaschutz: Die heimlichen Einfl\u00fcsterer der FDP \u2013 Kolumne","author":"Gonmag","date":"26. Juni 2023","format":false,"excerpt":"Die FDP versucht in der Ampel jedes relevante Klimaschutzgesetz zu torpedieren, mit erschreckendem Erfolg. Warum? Eine zentrale Rolle spielen radikale Ideologen \u2013 und ein libert\u00e4rer US-Milliard\u00e4r. Quelle: Klimaschutz: Die heimlichen Einfl\u00fcsterer der FDP \u2013 Kolumne","rel":"","context":"In &quot;Gesellschaft&quot;","block_context":{"text":"Gesellschaft","link":"https:\/\/www.minutenzeiger.de\/?cat=3"},"img":{"alt_text":"","src":"","width":0,"height":0},"classes":[]},{"id":558,"url":"https:\/\/www.minutenzeiger.de\/?p=558","url_meta":{"origin":36,"position":1},"title":"\u00dcber den Erfolg des rechten Populismus","author":"Gonmag","date":"25. Juni 2017","format":false,"excerpt":"\u00dcber den Erfolg des rechten Populismus - Telepolis https:\/\/heise.de\/-3735555","rel":"","context":"In &quot;Gesellschaft&quot;","block_context":{"text":"Gesellschaft","link":"https:\/\/www.minutenzeiger.de\/?cat=3"},"img":{"alt_text":"","src":"","width":0,"height":0},"classes":[]},{"id":932,"url":"https:\/\/www.minutenzeiger.de\/?p=932","url_meta":{"origin":36,"position":2},"title":"Medienforscherin kritisiert ein generelles Social-Media-Verbot | heise online","author":"Gonmag","date":"12. M\u00e4rz 2026","format":false,"excerpt":"Analoge Probleme lassen sich nicht mit einem digitalen Verbot beheben und die Alterskontrolle funktioniert nicht wie an der Kasse. Quelle: Medienforscherin kritisiert ein generelles Social-Media-Verbot | heise online","rel":"","context":"In &quot;AI\/KI&quot;","block_context":{"text":"AI\/KI","link":"https:\/\/www.minutenzeiger.de\/?cat=16"},"img":{"alt_text":"","src":"","width":0,"height":0},"classes":[]},{"id":306,"url":"https:\/\/www.minutenzeiger.de\/?p=306","url_meta":{"origin":36,"position":3},"title":"OXI! Aber wo ist der kommende Aufstand?","author":"Gonmag","date":"17. Juli 2015","format":false,"excerpt":"OXI! Aber wo ist der kommende Aufstand? - Telepolis \/tp\/artikel\/45\/45459\/","rel":"","context":"In &quot;Gesellschaft&quot;","block_context":{"text":"Gesellschaft","link":"https:\/\/www.minutenzeiger.de\/?cat=3"},"img":{"alt_text":"","src":"","width":0,"height":0},"classes":[]},{"id":798,"url":"https:\/\/www.minutenzeiger.de\/?p=798","url_meta":{"origin":36,"position":4},"title":"Sicherheitsrat: Israel-Kritik des UN-Chefs l\u00f6st Eklat aus","author":"Gonmag","date":"24. Oktober 2023","format":false,"excerpt":"UN-Generalsekret\u00e4r Guterres hat im UN-Sicherheitsrat den Angriff der terroristischen Hamas auf Israel verurteilt - aber auch Israel eine Verletzung des V\u00f6lkerrechts vorgeworfen. Die Vertreter des Landes reagierten emp\u00f6rt. Quelle: Sicherheitsrat: Israel-Kritik des UN-Chefs l\u00f6st Eklat aus","rel":"","context":"In &quot;Politik&quot;","block_context":{"text":"Politik","link":"https:\/\/www.minutenzeiger.de\/?cat=9"},"img":{"alt_text":"","src":"","width":0,"height":0},"classes":[]},{"id":304,"url":"https:\/\/www.minutenzeiger.de\/?p=304","url_meta":{"origin":36,"position":5},"title":"Viele Versprechen, aber kein Geld f\u00fcr Entwicklungspolitik","author":"Gonmag","date":"17. Juli 2015","format":false,"excerpt":"Viele Versprechen, aber kein Geld f\u00fcr Entwicklungspolitik - Telepolis http:\/\/heise.de\/-2752020","rel":"","context":"In &quot;Gesellschaft&quot;","block_context":{"text":"Gesellschaft","link":"https:\/\/www.minutenzeiger.de\/?cat=3"},"img":{"alt_text":"","src":"","width":0,"height":0},"classes":[]}],"_links":{"self":[{"href":"https:\/\/www.minutenzeiger.de\/index.php?rest_route=\/wp\/v2\/posts\/36"}],"collection":[{"href":"https:\/\/www.minutenzeiger.de\/index.php?rest_route=\/wp\/v2\/posts"}],"about":[{"href":"https:\/\/www.minutenzeiger.de\/index.php?rest_route=\/wp\/v2\/types\/post"}],"author":[{"embeddable":true,"href":"https:\/\/www.minutenzeiger.de\/index.php?rest_route=\/wp\/v2\/users\/1"}],"replies":[{"embeddable":true,"href":"https:\/\/www.minutenzeiger.de\/index.php?rest_route=%2Fwp%2Fv2%2Fcomments&post=36"}],"version-history":[{"count":1,"href":"https:\/\/www.minutenzeiger.de\/index.php?rest_route=\/wp\/v2\/posts\/36\/revisions"}],"predecessor-version":[{"id":37,"href":"https:\/\/www.minutenzeiger.de\/index.php?rest_route=\/wp\/v2\/posts\/36\/revisions\/37"}],"wp:attachment":[{"href":"https:\/\/www.minutenzeiger.de\/index.php?rest_route=%2Fwp%2Fv2%2Fmedia&parent=36"}],"wp:term":[{"taxonomy":"category","embeddable":true,"href":"https:\/\/www.minutenzeiger.de\/index.php?rest_route=%2Fwp%2Fv2%2Fcategories&post=36"},{"taxonomy":"post_tag","embeddable":true,"href":"https:\/\/www.minutenzeiger.de\/index.php?rest_route=%2Fwp%2Fv2%2Ftags&post=36"}],"curies":[{"name":"wp","href":"https:\/\/api.w.org\/{rel}","templated":true}]}}