{"id":356,"date":"2015-08-04T20:46:26","date_gmt":"2015-08-04T19:46:26","guid":{"rendered":"http:\/\/www.minutenzeiger.de\/?p=356"},"modified":"2015-08-04T20:46:26","modified_gmt":"2015-08-04T19:46:26","slug":"digitale-bildung-eine-luege","status":"publish","type":"post","link":"https:\/\/www.minutenzeiger.de\/?p=356","title":{"rendered":"Digitale Bildung &#8211; eine L\u00fcge?"},"content":{"rendered":"<p>Digitale Bildung &#8211; eine L\u00fcge? &#8211; Telepolis \/tp\/artikel\/45\/45572\/<\/p>\n","protected":false},"excerpt":{"rendered":"<p>Digitale Bildung &#8211; eine L\u00fcge? &#8211; Telepolis \/tp\/artikel\/45\/45572\/<\/p>\n","protected":false},"author":1,"featured_media":0,"comment_status":"closed","ping_status":"open","sticky":false,"template":"","format":"standard","meta":{"jetpack_post_was_ever_published":false,"_jetpack_newsletter_access":"","_jetpack_newsletter_tier_id":0},"categories":[3,11,8],"tags":[],"jetpack_sharing_enabled":true,"jetpack_featured_media_url":"","jetpack_shortlink":"https:\/\/wp.me\/paAhe5-5K","jetpack-related-posts":[{"id":80,"url":"https:\/\/www.minutenzeiger.de\/?p=80","url_meta":{"origin":356,"position":0},"title":"Die Wahrheit ist nur eine Fu\u00dfnote der Geschichte","author":"Gonmag","date":"15. Januar 2015","format":false,"excerpt":"Die Wahrheit ist nur eine Fu\u00dfnote der Geschichte - Telepolis \/tp\/artikel\/43\/43861\/","rel":"","context":"In &quot;Gesellschaft&quot;","block_context":{"text":"Gesellschaft","link":"https:\/\/www.minutenzeiger.de\/?cat=3"},"img":{"alt_text":"","src":"","width":0,"height":0},"classes":[]},{"id":416,"url":"https:\/\/www.minutenzeiger.de\/?p=416","url_meta":{"origin":356,"position":1},"title":"Eine v\u00f6llig unverdiente Gl\u00fcckswelle","author":"Gonmag","date":"15. September 2015","format":false,"excerpt":"Eine v\u00f6llig unverdiente Gl\u00fcckswelle - Telepolis \/tp\/artikel\/45\/45969\/","rel":"","context":"In &quot;Gesellschaft&quot;","block_context":{"text":"Gesellschaft","link":"https:\/\/www.minutenzeiger.de\/?cat=3"},"img":{"alt_text":"","src":"","width":0,"height":0},"classes":[]},{"id":320,"url":"https:\/\/www.minutenzeiger.de\/?p=320","url_meta":{"origin":356,"position":2},"title":"&#8222;Das dritte Memorandum ist eine Garantie f\u00fcr eine rasch zunehmende Verelendung&#8220;","author":"Gonmag","date":"24. Juli 2015","format":false,"excerpt":"\"Das dritte Memorandum ist eine Garantie f\u00fcr eine rasch zunehmende Verelendung\" - Telepolis \/tp\/artikel\/45\/45523\/","rel":"","context":"In &quot;Gesellschaft&quot;","block_context":{"text":"Gesellschaft","link":"https:\/\/www.minutenzeiger.de\/?cat=3"},"img":{"alt_text":"","src":"","width":0,"height":0},"classes":[]},{"id":292,"url":"https:\/\/www.minutenzeiger.de\/?p=292","url_meta":{"origin":356,"position":3},"title":"Die EZB &#8211; Eine Notenbank mit politischer Agenda","author":"Gonmag","date":"11. Juli 2015","format":false,"excerpt":"Die EZB - Eine Notenbank mit politischer Agenda - Telepolis \/tp\/artikel\/45\/45392\/","rel":"","context":"In &quot;Gesellschaft&quot;","block_context":{"text":"Gesellschaft","link":"https:\/\/www.minutenzeiger.de\/?cat=3"},"img":{"alt_text":"","src":"","width":0,"height":0},"classes":[]},{"id":264,"url":"https:\/\/www.minutenzeiger.de\/?p=264","url_meta":{"origin":356,"position":4},"title":"Wie man eine Finanzkrise auf die Bev\u00f6lkerung eines gebeutelten Landes abw\u00e4lzt","author":"Gonmag","date":"4. Juli 2015","format":false,"excerpt":"Wie man eine Finanzkrise auf die Bev\u00f6lkerung eines gebeutelten Landes abw\u00e4lzt - Telepolis \/tp\/artikel\/45\/45347\/","rel":"","context":"In &quot;Gesellschaft&quot;","block_context":{"text":"Gesellschaft","link":"https:\/\/www.minutenzeiger.de\/?cat=3"},"img":{"alt_text":"","src":"","width":0,"height":0},"classes":[]},{"id":328,"url":"https:\/\/www.minutenzeiger.de\/?p=328","url_meta":{"origin":356,"position":5},"title":"Zukunftswerkstatt Griechenland","author":"Gonmag","date":"26. Juli 2015","format":false,"excerpt":"Zukunftswerkstatt Griechenland - Telepolis \/tp\/artikel\/45\/45520\/","rel":"","context":"In &quot;Gesellschaft&quot;","block_context":{"text":"Gesellschaft","link":"https:\/\/www.minutenzeiger.de\/?cat=3"},"img":{"alt_text":"","src":"","width":0,"height":0},"classes":[]}],"_links":{"self":[{"href":"https:\/\/www.minutenzeiger.de\/index.php?rest_route=\/wp\/v2\/posts\/356"}],"collection":[{"href":"https:\/\/www.minutenzeiger.de\/index.php?rest_route=\/wp\/v2\/posts"}],"about":[{"href":"https:\/\/www.minutenzeiger.de\/index.php?rest_route=\/wp\/v2\/types\/post"}],"author":[{"embeddable":true,"href":"https:\/\/www.minutenzeiger.de\/index.php?rest_route=\/wp\/v2\/users\/1"}],"replies":[{"embeddable":true,"href":"https:\/\/www.minutenzeiger.de\/index.php?rest_route=%2Fwp%2Fv2%2Fcomments&post=356"}],"version-history":[{"count":1,"href":"https:\/\/www.minutenzeiger.de\/index.php?rest_route=\/wp\/v2\/posts\/356\/revisions"}],"predecessor-version":[{"id":357,"href":"https:\/\/www.minutenzeiger.de\/index.php?rest_route=\/wp\/v2\/posts\/356\/revisions\/357"}],"wp:attachment":[{"href":"https:\/\/www.minutenzeiger.de\/index.php?rest_route=%2Fwp%2Fv2%2Fmedia&parent=356"}],"wp:term":[{"taxonomy":"category","embeddable":true,"href":"https:\/\/www.minutenzeiger.de\/index.php?rest_route=%2Fwp%2Fv2%2Fcategories&post=356"},{"taxonomy":"post_tag","embeddable":true,"href":"https:\/\/www.minutenzeiger.de\/index.php?rest_route=%2Fwp%2Fv2%2Ftags&post=356"}],"curies":[{"name":"wp","href":"https:\/\/api.w.org\/{rel}","templated":true}]}}