{"id":348,"date":"2015-07-30T20:45:26","date_gmt":"2015-07-30T19:45:26","guid":{"rendered":"http:\/\/www.minutenzeiger.de\/?p=348"},"modified":"2015-07-30T20:45:26","modified_gmt":"2015-07-30T19:45:26","slug":"vorwurf-landesverrat-generalbundesanwalt-ermittelt-gegen-netzpolitik-org","status":"publish","type":"post","link":"https:\/\/www.minutenzeiger.de\/?p=348","title":{"rendered":"Vorwurf Landesverrat: Generalbundesanwalt ermittelt gegen Netzpolitik.org"},"content":{"rendered":"<p>Vorwurf Landesverrat: Generalbundesanwalt ermittelt gegen Netzpolitik.org &#8211; heise online <a href=\"http:\/\/heise.de\/-2765813\">http:\/\/heise.de\/-2765813<\/a><\/p>\n","protected":false},"excerpt":{"rendered":"<p>Vorwurf Landesverrat: Generalbundesanwalt ermittelt gegen Netzpolitik.org &#8211; heise online http:\/\/heise.de\/-2765813<\/p>\n","protected":false},"author":1,"featured_media":0,"comment_status":"closed","ping_status":"open","sticky":false,"template":"","format":"standard","meta":{"jetpack_post_was_ever_published":false,"_jetpack_newsletter_access":"","_jetpack_newsletter_tier_id":0},"categories":[3,11,8,9,6,4],"tags":[],"jetpack_sharing_enabled":true,"jetpack_featured_media_url":"","jetpack_shortlink":"https:\/\/wp.me\/paAhe5-5C","jetpack-related-posts":[{"id":282,"url":"https:\/\/www.minutenzeiger.de\/?p=282","url_meta":{"origin":348,"position":0},"title":"P\u00e4dophilie-Vorwurf: Vater bei Spaziergang mit Tochter angegriffen &#8211; SPIEGEL ONLINE","author":"Gonmag","date":"11. Juli 2015","format":false,"excerpt":"http:\/\/spon.de\/aexyG","rel":"","context":"In &quot;Gesellschaft&quot;","block_context":{"text":"Gesellschaft","link":"https:\/\/www.minutenzeiger.de\/?cat=3"},"img":{"alt_text":"","src":"","width":0,"height":0},"classes":[]},{"id":9,"url":"https:\/\/www.minutenzeiger.de\/?p=9","url_meta":{"origin":348,"position":1},"title":"Verfassungsbeschwerde gegen Kfz-Kennzeichen-Scanning","author":"Gonmag","date":"3. Januar 2015","format":false,"excerpt":"Verfassungsbeschwerde gegen Kfz-Kennzeichen-Scanning - heise online http:\/\/heise.de\/-2507669","rel":"","context":"In &quot;\u00dcberwachung&quot;","block_context":{"text":"\u00dcberwachung","link":"https:\/\/www.minutenzeiger.de\/?cat=4"},"img":{"alt_text":"","src":"","width":0,"height":0},"classes":[]},{"id":58,"url":"https:\/\/www.minutenzeiger.de\/?p=58","url_meta":{"origin":348,"position":2},"title":"Gro\u00dfbritannien: Cameron will gegen Verschl\u00fcsselung vorgehen","author":"Gonmag","date":"13. Januar 2015","format":false,"excerpt":"Gro\u00dfbritannien: Cameron will gegen Verschl\u00fcsselung vorgehen - heise online http:\/\/heise.de\/-2516774","rel":"","context":"In &quot;Gesellschaft&quot;","block_context":{"text":"Gesellschaft","link":"https:\/\/www.minutenzeiger.de\/?cat=3"},"img":{"alt_text":"","src":"","width":0,"height":0},"classes":[]},{"id":236,"url":"https:\/\/www.minutenzeiger.de\/?p=236","url_meta":{"origin":348,"position":3},"title":"Handelsabkommen TPP:  Schiedsgerichte gegen Copyright-Schranken","author":"Gonmag","date":"28. M\u00e4rz 2015","format":false,"excerpt":"Handelsabkommen TPP: Schiedsgerichte gegen Copyright-Schranken - heise online http:\/\/heise.de\/-2587144","rel":"","context":"In &quot;Gesellschaft&quot;","block_context":{"text":"Gesellschaft","link":"https:\/\/www.minutenzeiger.de\/?cat=3"},"img":{"alt_text":"","src":"","width":0,"height":0},"classes":[]},{"id":158,"url":"https:\/\/www.minutenzeiger.de\/?p=158","url_meta":{"origin":348,"position":4},"title":"Europaratsausschuss: Massenverschl\u00fcsselung einziger Schutz gegen Massen\u00fcberwachung","author":"Gonmag","date":"27. Januar 2015","format":false,"excerpt":"Europaratsausschuss: Massenverschl\u00fcsselung einziger Schutz gegen Massen\u00fcberwachung - heise online http:\/\/heise.de\/-2529088","rel":"","context":"In &quot;Politik&quot;","block_context":{"text":"Politik","link":"https:\/\/www.minutenzeiger.de\/?cat=9"},"img":{"alt_text":"","src":"","width":0,"height":0},"classes":[]},{"id":192,"url":"https:\/\/www.minutenzeiger.de\/?p=192","url_meta":{"origin":348,"position":5},"title":"Mit TTIP gegen den Rest der Welt","author":"Gonmag","date":"2. Februar 2015","format":false,"excerpt":"Mit TTIP gegen den Rest der Welt - Telepolis \/tp\/artikel\/43\/43991\/","rel":"","context":"In &quot;Politik&quot;","block_context":{"text":"Politik","link":"https:\/\/www.minutenzeiger.de\/?cat=9"},"img":{"alt_text":"","src":"","width":0,"height":0},"classes":[]}],"_links":{"self":[{"href":"https:\/\/www.minutenzeiger.de\/index.php?rest_route=\/wp\/v2\/posts\/348"}],"collection":[{"href":"https:\/\/www.minutenzeiger.de\/index.php?rest_route=\/wp\/v2\/posts"}],"about":[{"href":"https:\/\/www.minutenzeiger.de\/index.php?rest_route=\/wp\/v2\/types\/post"}],"author":[{"embeddable":true,"href":"https:\/\/www.minutenzeiger.de\/index.php?rest_route=\/wp\/v2\/users\/1"}],"replies":[{"embeddable":true,"href":"https:\/\/www.minutenzeiger.de\/index.php?rest_route=%2Fwp%2Fv2%2Fcomments&post=348"}],"version-history":[{"count":1,"href":"https:\/\/www.minutenzeiger.de\/index.php?rest_route=\/wp\/v2\/posts\/348\/revisions"}],"predecessor-version":[{"id":349,"href":"https:\/\/www.minutenzeiger.de\/index.php?rest_route=\/wp\/v2\/posts\/348\/revisions\/349"}],"wp:attachment":[{"href":"https:\/\/www.minutenzeiger.de\/index.php?rest_route=%2Fwp%2Fv2%2Fmedia&parent=348"}],"wp:term":[{"taxonomy":"category","embeddable":true,"href":"https:\/\/www.minutenzeiger.de\/index.php?rest_route=%2Fwp%2Fv2%2Fcategories&post=348"},{"taxonomy":"post_tag","embeddable":true,"href":"https:\/\/www.minutenzeiger.de\/index.php?rest_route=%2Fwp%2Fv2%2Ftags&post=348"}],"curies":[{"name":"wp","href":"https:\/\/api.w.org\/{rel}","templated":true}]}}