{"id":344,"date":"2015-07-29T20:50:01","date_gmt":"2015-07-29T19:50:01","guid":{"rendered":"http:\/\/www.minutenzeiger.de\/?p=344"},"modified":"2015-07-29T20:50:01","modified_gmt":"2015-07-29T19:50:01","slug":"wer-bezahlt-den-rueckbau-der-deutschen-kernkraftwerke","status":"publish","type":"post","link":"https:\/\/www.minutenzeiger.de\/?p=344","title":{"rendered":"Wer bezahlt den R\u00fcckbau der deutschen Kernkraftwerke?"},"content":{"rendered":"<p>Wer bezahlt den R\u00fcckbau der deutschen Kernkraftwerke? &#8211; Telepolis <a href=\"http:\/\/heise.de\/-2764844\">http:\/\/heise.de\/-2764844<\/a><\/p>\n","protected":false},"excerpt":{"rendered":"<p>Wer bezahlt den R\u00fcckbau der deutschen Kernkraftwerke? &#8211; Telepolis http:\/\/heise.de\/-2764844<\/p>\n","protected":false},"author":1,"featured_media":0,"comment_status":"closed","ping_status":"open","sticky":false,"template":"","format":"standard","meta":{"jetpack_post_was_ever_published":false,"_jetpack_newsletter_access":"","_jetpack_newsletter_tier_id":0},"categories":[3,9],"tags":[],"jetpack_sharing_enabled":true,"jetpack_featured_media_url":"","jetpack_shortlink":"https:\/\/wp.me\/paAhe5-5y","jetpack-related-posts":[{"id":510,"url":"https:\/\/www.minutenzeiger.de\/?p=510","url_meta":{"origin":344,"position":0},"title":"&#8222;Wer denkt, dass wir im Notfall einfach den Stecker ziehen k\u00f6nnen, der irrt sich&#8220;","author":"Gonmag","date":"6. Dezember 2015","format":false,"excerpt":"\"Wer denkt, dass wir im Notfall einfach den Stecker ziehen k\u00f6nnen, der irrt sich\" - Telepolis \/tp\/artikel\/46\/46764\/1.html","rel":"","context":"In &quot;Gesellschaft&quot;","block_context":{"text":"Gesellschaft","link":"https:\/\/www.minutenzeiger.de\/?cat=3"},"img":{"alt_text":"","src":"","width":0,"height":0},"classes":[]},{"id":182,"url":"https:\/\/www.minutenzeiger.de\/?p=182","url_meta":{"origin":344,"position":1},"title":"Wer stoppt den &#8222;Geisterfahrer&#8220;?","author":"Gonmag","date":"1. Februar 2015","format":false,"excerpt":"Wer stoppt den \"Geisterfahrer\"? - Telepolis \/tp\/artikel\/44\/44020\/","rel":"","context":"In &quot;Gesellschaft&quot;","block_context":{"text":"Gesellschaft","link":"https:\/\/www.minutenzeiger.de\/?cat=3"},"img":{"alt_text":"","src":"","width":0,"height":0},"classes":[]},{"id":939,"url":"https:\/\/www.minutenzeiger.de\/?p=939","url_meta":{"origin":344,"position":2},"title":"Machen uns KI-Chatbots d\u00fcmmer? Die Gefahr ist da, aber es gibt eine Gegenstrategie | taz.de","author":"Gonmag","date":"24. M\u00e4rz 2026","format":false,"excerpt":"Wird d\u00fcmmer, wer KI-Chatbots verwendet? Nicht unbedingt, sagt der Forscher Michael Gerlich. Zwar sei die Gefahr da \u2013 aber es gibt eine Gegenstrategie. Quelle: Machen uns KI-Chatbots d\u00fcmmer? Die Gefahr ist da, aber es gibt eine Gegenstrategie | taz.de","rel":"","context":"In &quot;AI\/KI&quot;","block_context":{"text":"AI\/KI","link":"https:\/\/www.minutenzeiger.de\/?cat=16"},"img":{"alt_text":"","src":"","width":0,"height":0},"classes":[]},{"id":810,"url":"https:\/\/www.minutenzeiger.de\/?p=810","url_meta":{"origin":344,"position":3},"title":"Studie: Zufriedener dank 30 Minuten weniger Social Media t\u00e4glich","author":"Gonmag","date":"15. Dezember 2023","format":false,"excerpt":"Wer die Social-Media-Nutzung um eine halbe Stunde t\u00e4glich reduziert, ist zufriedener und engagierter im Job. Auch depressive Symptome k\u00f6nnen verringert werden, zeigt eine aktuelle Studie. Quelle: Studie: Zufriedener dank 30 Minuten weniger Social Media t\u00e4glich","rel":"","context":"In &quot;Gesellschaft&quot;","block_context":{"text":"Gesellschaft","link":"https:\/\/www.minutenzeiger.de\/?cat=3"},"img":{"alt_text":"","src":"","width":0,"height":0},"classes":[]},{"id":884,"url":"https:\/\/www.minutenzeiger.de\/?p=884","url_meta":{"origin":344,"position":4},"title":"Quantenradieren wider den Zeitstrom (Teil 1): Unergr\u00fcndliche Wege der Photonen","author":"Gonmag","date":"29. September 2024","format":false,"excerpt":"Kann der \"Delayed Choice Quantum Eraser\" in der Quantenwelt r\u00fcckwirkend Entscheidungen \u00e4ndern? Ein Blick auf den Welle-Teilchen-Dualismus hilft beim Verst\u00e4ndnis Quelle: Quantenradieren wider den Zeitstrom (Teil 1): Unergr\u00fcndliche Wege der Photonen","rel":"","context":"In &quot;Wissenschaft&quot;","block_context":{"text":"Wissenschaft","link":"https:\/\/www.minutenzeiger.de\/?cat=12"},"img":{"alt_text":"","src":"","width":0,"height":0},"classes":[]},{"id":5,"url":"https:\/\/www.minutenzeiger.de\/?p=5","url_meta":{"origin":344,"position":5},"title":"Tagesschau: Ulrich Beck ist tot","author":"Gonmag","date":"3. Januar 2015","format":false,"excerpt":"Interessanter Artikel der Tagesschau: Titel: Ulrich Beck ist tot Kurztext: Der deutsche Soziologe Ulrich Beck ist gestorben. Nach Informationen der \"S\u00fcddeutschen Zeitung\" starb er an den Folgen eines Herzinfarkts. Beck wurde 70 Jahre alt. Der Soziologe pr\u00e4gte den Begriff der \"Risikogesellschaft\". Link: http:\/\/www.tagesschau.de\/inland\/ulrich-beck-gestorben-101.html Die App der Tagesschau zum Download: http:\/\/www.tagesschau.de\/app\/","rel":"","context":"In &quot;Menschen&quot;","block_context":{"text":"Menschen","link":"https:\/\/www.minutenzeiger.de\/?cat=2"},"img":{"alt_text":"","src":"","width":0,"height":0},"classes":[]}],"_links":{"self":[{"href":"https:\/\/www.minutenzeiger.de\/index.php?rest_route=\/wp\/v2\/posts\/344"}],"collection":[{"href":"https:\/\/www.minutenzeiger.de\/index.php?rest_route=\/wp\/v2\/posts"}],"about":[{"href":"https:\/\/www.minutenzeiger.de\/index.php?rest_route=\/wp\/v2\/types\/post"}],"author":[{"embeddable":true,"href":"https:\/\/www.minutenzeiger.de\/index.php?rest_route=\/wp\/v2\/users\/1"}],"replies":[{"embeddable":true,"href":"https:\/\/www.minutenzeiger.de\/index.php?rest_route=%2Fwp%2Fv2%2Fcomments&post=344"}],"version-history":[{"count":1,"href":"https:\/\/www.minutenzeiger.de\/index.php?rest_route=\/wp\/v2\/posts\/344\/revisions"}],"predecessor-version":[{"id":345,"href":"https:\/\/www.minutenzeiger.de\/index.php?rest_route=\/wp\/v2\/posts\/344\/revisions\/345"}],"wp:attachment":[{"href":"https:\/\/www.minutenzeiger.de\/index.php?rest_route=%2Fwp%2Fv2%2Fmedia&parent=344"}],"wp:term":[{"taxonomy":"category","embeddable":true,"href":"https:\/\/www.minutenzeiger.de\/index.php?rest_route=%2Fwp%2Fv2%2Fcategories&post=344"},{"taxonomy":"post_tag","embeddable":true,"href":"https:\/\/www.minutenzeiger.de\/index.php?rest_route=%2Fwp%2Fv2%2Ftags&post=344"}],"curies":[{"name":"wp","href":"https:\/\/api.w.org\/{rel}","templated":true}]}}