{"id":342,"date":"2015-07-29T20:48:24","date_gmt":"2015-07-29T19:48:24","guid":{"rendered":"http:\/\/www.minutenzeiger.de\/?p=342"},"modified":"2015-07-29T20:48:24","modified_gmt":"2015-07-29T19:48:24","slug":"talkshow-kritik-voellige-einseitigkeit-und-ein-nationaler-wir-diskurs","status":"publish","type":"post","link":"https:\/\/www.minutenzeiger.de\/?p=342","title":{"rendered":"Talkshow-Kritik: V\u00f6llige Einseitigkeit und ein nationaler Wir-Diskurs"},"content":{"rendered":"<p>Talkshow-Kritik: V\u00f6llige Einseitigkeit und ein nationaler Wir-Diskurs &#8211; Telepolis \/tp\/artikel\/45\/45564\/<\/p>\n","protected":false},"excerpt":{"rendered":"<p>Talkshow-Kritik: V\u00f6llige Einseitigkeit und ein nationaler Wir-Diskurs &#8211; Telepolis \/tp\/artikel\/45\/45564\/<\/p>\n","protected":false},"author":1,"featured_media":0,"comment_status":"closed","ping_status":"open","sticky":false,"template":"","format":"standard","meta":{"jetpack_post_was_ever_published":false,"_jetpack_newsletter_access":"","_jetpack_newsletter_tier_id":0},"categories":[3,8,9],"tags":[],"jetpack_sharing_enabled":true,"jetpack_featured_media_url":"","jetpack_shortlink":"https:\/\/wp.me\/paAhe5-5w","jetpack-related-posts":[{"id":374,"url":"https:\/\/www.minutenzeiger.de\/?p=374","url_meta":{"origin":342,"position":0},"title":"Der Tausch &#8211; Kritik der politischen \u00d6kumene","author":"Gonmag","date":"13. August 2015","format":false,"excerpt":"Der Tausch - Kritik der politischen \u00d6kumene - Telepolis \/tp\/artikel\/45\/45699\/","rel":"","context":"In &quot;Gesellschaft&quot;","block_context":{"text":"Gesellschaft","link":"https:\/\/www.minutenzeiger.de\/?cat=3"},"img":{"alt_text":"","src":"","width":0,"height":0},"classes":[]},{"id":798,"url":"https:\/\/www.minutenzeiger.de\/?p=798","url_meta":{"origin":342,"position":1},"title":"Sicherheitsrat: Israel-Kritik des UN-Chefs l\u00f6st Eklat aus","author":"Gonmag","date":"24. Oktober 2023","format":false,"excerpt":"UN-Generalsekret\u00e4r Guterres hat im UN-Sicherheitsrat den Angriff der terroristischen Hamas auf Israel verurteilt - aber auch Israel eine Verletzung des V\u00f6lkerrechts vorgeworfen. Die Vertreter des Landes reagierten emp\u00f6rt. Quelle: Sicherheitsrat: Israel-Kritik des UN-Chefs l\u00f6st Eklat aus","rel":"","context":"In &quot;Politik&quot;","block_context":{"text":"Politik","link":"https:\/\/www.minutenzeiger.de\/?cat=9"},"img":{"alt_text":"","src":"","width":0,"height":0},"classes":[]},{"id":886,"url":"https:\/\/www.minutenzeiger.de\/?p=886","url_meta":{"origin":342,"position":2},"title":"Wissenschaftsjournalistin \u00fcber Flora: \u201ePflanzen nehmen fein wahr\u201c &#8211; taz.de","author":"Gonmag","date":"29. September 2024","format":false,"excerpt":"Tiere sind f\u00fchlende Wesen, so weit sind wir heute. Aber muss man Mitleid mit Pflanzen haben? Ein Gespr\u00e4ch \u00fcber Schmerz und Kommunikation der Flora. Quelle: Wissenschaftsjournalistin \u00fcber Flora: \u201ePflanzen nehmen fein wahr\u201c - taz.de","rel":"","context":"In &quot;Ern\u00e4hrung&quot;","block_context":{"text":"Ern\u00e4hrung","link":"https:\/\/www.minutenzeiger.de\/?cat=13"},"img":{"alt_text":"","src":"","width":0,"height":0},"classes":[]},{"id":700,"url":"https:\/\/www.minutenzeiger.de\/?p=700","url_meta":{"origin":342,"position":3},"title":"Im Blindflug in die Abh\u00e4ngigkeit: Was wir \u00fcber KI ausblenden | Telepolis","author":"Gonmag","date":"25. Juli 2023","format":false,"excerpt":"Eine neue Studie untersucht mit K\u00fcnstlicher Intelligenz, wie wir mit KI umgehen. Was dabei herauskommt, ist verbl\u00fcffend. Ein Land verliert dabei den Anschluss. Quelle: Im Blindflug in die Abh\u00e4ngigkeit: Was wir \u00fcber KI ausblenden | Telepolis","rel":"","context":"In &quot;AI\/KI&quot;","block_context":{"text":"AI\/KI","link":"https:\/\/www.minutenzeiger.de\/?cat=16"},"img":{"alt_text":"","src":"","width":0,"height":0},"classes":[]},{"id":730,"url":"https:\/\/www.minutenzeiger.de\/?p=730","url_meta":{"origin":342,"position":4},"title":"Lesen lernen: Was spricht f\u00fcr das Buch, was f\u00fcr den Bildschirm?","author":"Gonmag","date":"11. August 2023","format":false,"excerpt":"Digitale Medien ver\u00e4ndern, wie wir lesen \u2013 und wie Kinder in der Schule lesen lernen. Ob das nun gut ist oder schlecht, h\u00e4ngt nicht nur von der Dosis ab. Quelle: Lesen lernen: Was spricht f\u00fcr das Buch, was f\u00fcr den Bildschirm?","rel":"","context":"In &quot;Bildung&quot;","block_context":{"text":"Bildung","link":"https:\/\/www.minutenzeiger.de\/?cat=21"},"img":{"alt_text":"","src":"","width":0,"height":0},"classes":[]},{"id":128,"url":"https:\/\/www.minutenzeiger.de\/?p=128","url_meta":{"origin":342,"position":5},"title":"Sind wir jetzt alle Pegida?","author":"Gonmag","date":"20. Januar 2015","format":false,"excerpt":"Sind wir jetzt alle Pegida? - Telepolis http:\/\/heise.de\/-2522478","rel":"","context":"In &quot;Gesellschaft&quot;","block_context":{"text":"Gesellschaft","link":"https:\/\/www.minutenzeiger.de\/?cat=3"},"img":{"alt_text":"","src":"","width":0,"height":0},"classes":[]}],"_links":{"self":[{"href":"https:\/\/www.minutenzeiger.de\/index.php?rest_route=\/wp\/v2\/posts\/342"}],"collection":[{"href":"https:\/\/www.minutenzeiger.de\/index.php?rest_route=\/wp\/v2\/posts"}],"about":[{"href":"https:\/\/www.minutenzeiger.de\/index.php?rest_route=\/wp\/v2\/types\/post"}],"author":[{"embeddable":true,"href":"https:\/\/www.minutenzeiger.de\/index.php?rest_route=\/wp\/v2\/users\/1"}],"replies":[{"embeddable":true,"href":"https:\/\/www.minutenzeiger.de\/index.php?rest_route=%2Fwp%2Fv2%2Fcomments&post=342"}],"version-history":[{"count":1,"href":"https:\/\/www.minutenzeiger.de\/index.php?rest_route=\/wp\/v2\/posts\/342\/revisions"}],"predecessor-version":[{"id":343,"href":"https:\/\/www.minutenzeiger.de\/index.php?rest_route=\/wp\/v2\/posts\/342\/revisions\/343"}],"wp:attachment":[{"href":"https:\/\/www.minutenzeiger.de\/index.php?rest_route=%2Fwp%2Fv2%2Fmedia&parent=342"}],"wp:term":[{"taxonomy":"category","embeddable":true,"href":"https:\/\/www.minutenzeiger.de\/index.php?rest_route=%2Fwp%2Fv2%2Fcategories&post=342"},{"taxonomy":"post_tag","embeddable":true,"href":"https:\/\/www.minutenzeiger.de\/index.php?rest_route=%2Fwp%2Fv2%2Ftags&post=342"}],"curies":[{"name":"wp","href":"https:\/\/api.w.org\/{rel}","templated":true}]}}