{"id":310,"date":"2015-07-19T20:02:01","date_gmt":"2015-07-19T19:02:01","guid":{"rendered":"http:\/\/www.minutenzeiger.de\/?p=310"},"modified":"2015-07-19T20:02:01","modified_gmt":"2015-07-19T19:02:01","slug":"donald-tusk-der-osteuropaeische-irrglaube-an-die-marktwirtschaft","status":"publish","type":"post","link":"https:\/\/www.minutenzeiger.de\/?p=310","title":{"rendered":"Donald Tusk, der osteurop\u00e4ische Irrglaube an die Marktwirtschaft\u2026"},"content":{"rendered":"<p>Donald Tusk, der osteurop\u00e4ische Irrglaube an die Marktwirtschaft\u2026 &#8211; Telepolis \/tp\/artikel\/45\/45476\/<\/p>\n","protected":false},"excerpt":{"rendered":"<p>Donald Tusk, der osteurop\u00e4ische Irrglaube an die Marktwirtschaft\u2026 &#8211; Telepolis \/tp\/artikel\/45\/45476\/<\/p>\n","protected":false},"author":1,"featured_media":0,"comment_status":"closed","ping_status":"open","sticky":false,"template":"","format":"standard","meta":{"jetpack_post_was_ever_published":false,"_jetpack_newsletter_access":"","_jetpack_newsletter_tier_id":0},"categories":[3,9],"tags":[],"jetpack_sharing_enabled":true,"jetpack_featured_media_url":"","jetpack_shortlink":"https:\/\/wp.me\/paAhe5-50","jetpack-related-posts":[{"id":538,"url":"https:\/\/www.minutenzeiger.de\/?p=538","url_meta":{"origin":310,"position":0},"title":"Was die Philosophin Hannah Arendt\u2026","author":"Gonmag","date":"17. Dezember 2016","format":false,"excerpt":"Was die Philosophin Hannah Arendt \u00fcber Donald Trump sagen w\u00fcrde http:\/\/dw.com\/p\/2UMMC","rel":"","context":"In &quot;Gesellschaft&quot;","block_context":{"text":"Gesellschaft","link":"https:\/\/www.minutenzeiger.de\/?cat=3"},"img":{"alt_text":"","src":"","width":0,"height":0},"classes":[]},{"id":635,"url":"https:\/\/www.minutenzeiger.de\/?p=635","url_meta":{"origin":310,"position":1},"title":"Klimaschutz: Die heimlichen Einfl\u00fcsterer der FDP \u2013 Kolumne","author":"Gonmag","date":"26. Juni 2023","format":false,"excerpt":"Die FDP versucht in der Ampel jedes relevante Klimaschutzgesetz zu torpedieren, mit erschreckendem Erfolg. Warum? Eine zentrale Rolle spielen radikale Ideologen \u2013 und ein libert\u00e4rer US-Milliard\u00e4r. Quelle: Klimaschutz: Die heimlichen Einfl\u00fcsterer der FDP \u2013 Kolumne","rel":"","context":"In &quot;Gesellschaft&quot;","block_context":{"text":"Gesellschaft","link":"https:\/\/www.minutenzeiger.de\/?cat=3"},"img":{"alt_text":"","src":"","width":0,"height":0},"classes":[]},{"id":508,"url":"https:\/\/www.minutenzeiger.de\/?p=508","url_meta":{"origin":310,"position":2},"title":"Kommentar: Verbot der Netz-Anonymit\u00e4t legt die Axt an die Demokratie","author":"Gonmag","date":"6. Dezember 2015","format":false,"excerpt":"Kommentar: Verbot der Netz-Anonymit\u00e4t legt die Axt an die Demokratie - heise online http:\/\/heise.de\/-3032799","rel":"","context":"In &quot;Gesellschaft&quot;","block_context":{"text":"Gesellschaft","link":"https:\/\/www.minutenzeiger.de\/?cat=3"},"img":{"alt_text":"","src":"","width":0,"height":0},"classes":[]},{"id":216,"url":"https:\/\/www.minutenzeiger.de\/?p=216","url_meta":{"origin":310,"position":3},"title":"Die Verlindenstra\u00dfung der Weltpolitik","author":"Gonmag","date":"10. Februar 2015","format":false,"excerpt":"Die Verlindenstra\u00dfung der Weltpolitik - Telepolis \/tp\/artikel\/44\/44109\/","rel":"","context":"In &quot;Gesellschaft&quot;","block_context":{"text":"Gesellschaft","link":"https:\/\/www.minutenzeiger.de\/?cat=3"},"img":{"alt_text":"","src":"","width":0,"height":0},"classes":[]},{"id":450,"url":"https:\/\/www.minutenzeiger.de\/?p=450","url_meta":{"origin":310,"position":4},"title":"Die Nation in der Krise","author":"Gonmag","date":"30. September 2015","format":false,"excerpt":"Die Nation in der Krise - Telepolis \/tp\/artikel\/46\/46109\/","rel":"","context":"In &quot;Gesellschaft&quot;","block_context":{"text":"Gesellschaft","link":"https:\/\/www.minutenzeiger.de\/?cat=3"},"img":{"alt_text":"","src":"","width":0,"height":0},"classes":[]},{"id":100,"url":"https:\/\/www.minutenzeiger.de\/?p=100","url_meta":{"origin":310,"position":5},"title":"Die K\u00f6nigin der Folter","author":"Gonmag","date":"18. Januar 2015","format":false,"excerpt":"Die K\u00f6nigin der Folter - Telepolis \/tp\/artikel\/43\/43842\/","rel":"","context":"In &quot;Bielefeld&quot;","block_context":{"text":"Bielefeld","link":"https:\/\/www.minutenzeiger.de\/?cat=7"},"img":{"alt_text":"","src":"","width":0,"height":0},"classes":[]}],"_links":{"self":[{"href":"https:\/\/www.minutenzeiger.de\/index.php?rest_route=\/wp\/v2\/posts\/310"}],"collection":[{"href":"https:\/\/www.minutenzeiger.de\/index.php?rest_route=\/wp\/v2\/posts"}],"about":[{"href":"https:\/\/www.minutenzeiger.de\/index.php?rest_route=\/wp\/v2\/types\/post"}],"author":[{"embeddable":true,"href":"https:\/\/www.minutenzeiger.de\/index.php?rest_route=\/wp\/v2\/users\/1"}],"replies":[{"embeddable":true,"href":"https:\/\/www.minutenzeiger.de\/index.php?rest_route=%2Fwp%2Fv2%2Fcomments&post=310"}],"version-history":[{"count":1,"href":"https:\/\/www.minutenzeiger.de\/index.php?rest_route=\/wp\/v2\/posts\/310\/revisions"}],"predecessor-version":[{"id":311,"href":"https:\/\/www.minutenzeiger.de\/index.php?rest_route=\/wp\/v2\/posts\/310\/revisions\/311"}],"wp:attachment":[{"href":"https:\/\/www.minutenzeiger.de\/index.php?rest_route=%2Fwp%2Fv2%2Fmedia&parent=310"}],"wp:term":[{"taxonomy":"category","embeddable":true,"href":"https:\/\/www.minutenzeiger.de\/index.php?rest_route=%2Fwp%2Fv2%2Fcategories&post=310"},{"taxonomy":"post_tag","embeddable":true,"href":"https:\/\/www.minutenzeiger.de\/index.php?rest_route=%2Fwp%2Fv2%2Ftags&post=310"}],"curies":[{"name":"wp","href":"https:\/\/api.w.org\/{rel}","templated":true}]}}