{"id":304,"date":"2015-07-17T20:56:56","date_gmt":"2015-07-17T19:56:56","guid":{"rendered":"http:\/\/www.minutenzeiger.de\/?p=304"},"modified":"2015-07-17T20:56:56","modified_gmt":"2015-07-17T19:56:56","slug":"viele-versprechen-aber-kein-geld-fuer-entwicklungspolitik","status":"publish","type":"post","link":"https:\/\/www.minutenzeiger.de\/?p=304","title":{"rendered":"Viele Versprechen, aber kein Geld f\u00fcr Entwicklungspolitik"},"content":{"rendered":"<p>Viele Versprechen, aber kein Geld f\u00fcr Entwicklungspolitik &#8211; Telepolis <a href=\"http:\/\/heise.de\/-2752020\">http:\/\/heise.de\/-2752020<\/a><\/p>\n","protected":false},"excerpt":{"rendered":"<p>Viele Versprechen, aber kein Geld f\u00fcr Entwicklungspolitik &#8211; Telepolis http:\/\/heise.de\/-2752020<\/p>\n","protected":false},"author":1,"featured_media":0,"comment_status":"closed","ping_status":"open","sticky":false,"template":"","format":"standard","meta":{"jetpack_post_was_ever_published":false,"_jetpack_newsletter_access":"","_jetpack_newsletter_tier_id":0},"categories":[3,9],"tags":[],"jetpack_sharing_enabled":true,"jetpack_featured_media_url":"","jetpack_shortlink":"https:\/\/wp.me\/paAhe5-4U","jetpack-related-posts":[{"id":785,"url":"https:\/\/www.minutenzeiger.de\/?p=785","url_meta":{"origin":304,"position":0},"title":"Verb\u00e4nde kritisieren K\u00fcrzungen: &#8222;Dann gibt es kein soziales Netz mehr&#8220;","author":"Gonmag","date":"14. Oktober 2023","format":false,"excerpt":"Caritas und Diakonie schlagen Alarm: Der Bund will weniger Geld f\u00fcr Kinder- und Jugendhilfe, Migrations- und Schuldnerberatung ausgeben. Die Sozialverb\u00e4nde bef\u00fcrchten Risse im sozialen Netz. Von Eckhart Querner. Quelle: Verb\u00e4nde kritisieren K\u00fcrzungen: \"Dann gibt es kein soziales Netz mehr\"","rel":"","context":"In &quot;Gesellschaft&quot;","block_context":{"text":"Gesellschaft","link":"https:\/\/www.minutenzeiger.de\/?cat=3"},"img":{"alt_text":"","src":"","width":0,"height":0},"classes":[]},{"id":892,"url":"https:\/\/www.minutenzeiger.de\/?p=892","url_meta":{"origin":304,"position":1},"title":"60 Jahre CED: Wie Bildplatten einen Weltkonzern ruinierten\u200b","author":"Gonmag","date":"19. Oktober 2024","format":false,"excerpt":"Im Streaming-Zeitalter bezweifeln viele Nutzer den Sinn physischer Unterhaltungsmedien. Aber die waren nicht der Grund der spektakul\u00e4ren RCA-Pleite.\u200b Quelle: 60 Jahre CED: Wie Bildplatten einen Weltkonzern ruinierten\u200b","rel":"","context":"In &quot;IT&quot;","block_context":{"text":"IT","link":"https:\/\/www.minutenzeiger.de\/?cat=11"},"img":{"alt_text":"","src":"","width":0,"height":0},"classes":[]},{"id":206,"url":"https:\/\/www.minutenzeiger.de\/?p=206","url_meta":{"origin":304,"position":2},"title":"&#8222;Geld drucken&#8220;","author":"Gonmag","date":"6. Februar 2015","format":false,"excerpt":"\"Geld drucken\" - Telepolis \/tp\/artikel\/44\/44074\/","rel":"","context":"In &quot;Gesellschaft&quot;","block_context":{"text":"Gesellschaft","link":"https:\/\/www.minutenzeiger.de\/?cat=3"},"img":{"alt_text":"","src":"","width":0,"height":0},"classes":[]},{"id":466,"url":"https:\/\/www.minutenzeiger.de\/?p=466","url_meta":{"origin":304,"position":3},"title":"&#8222;Viele halten die Demokratie f\u00fcr eine veraltete Technologie&#8220;","author":"Gonmag","date":"12. Oktober 2015","format":false,"excerpt":"\"Viele halten die Demokratie f\u00fcr eine veraltete Technologie\" - Telepolis \/tp\/artikel\/46\/46140\/","rel":"","context":"In &quot;Allgemein&quot;","block_context":{"text":"Allgemein","link":"https:\/\/www.minutenzeiger.de\/?cat=1"},"img":{"alt_text":"","src":"","width":0,"height":0},"classes":[]},{"id":142,"url":"https:\/\/www.minutenzeiger.de\/?p=142","url_meta":{"origin":304,"position":4},"title":"\u2026 und schon rufen die Geld-Junkies nach neuen Geldspritzen","author":"Gonmag","date":"23. Januar 2015","format":false,"excerpt":"\u2026 und schon rufen die Geld-Junkies nach neuen Geldspritzen - Telepolis http:\/\/heise.de\/-2527453","rel":"","context":"In &quot;Gesellschaft&quot;","block_context":{"text":"Gesellschaft","link":"https:\/\/www.minutenzeiger.de\/?cat=3"},"img":{"alt_text":"","src":"","width":0,"height":0},"classes":[]},{"id":30,"url":"https:\/\/www.minutenzeiger.de\/?p=30","url_meta":{"origin":304,"position":5},"title":"Nach dem Charlie-Hebdo-Attentat: Ein hauptverd\u00e4chtiger Dschihadist und viele Fragen","author":"Gonmag","date":"8. Januar 2015","format":false,"excerpt":"Nach dem Charlie-Hebdo-Attentat: Ein hauptverd\u00e4chtiger Dschihadist und viele Fragen - Telepolis \/tp\/artikel\/43\/43797\/","rel":"","context":"In &quot;Gesellschaft&quot;","block_context":{"text":"Gesellschaft","link":"https:\/\/www.minutenzeiger.de\/?cat=3"},"img":{"alt_text":"","src":"","width":0,"height":0},"classes":[]}],"_links":{"self":[{"href":"https:\/\/www.minutenzeiger.de\/index.php?rest_route=\/wp\/v2\/posts\/304"}],"collection":[{"href":"https:\/\/www.minutenzeiger.de\/index.php?rest_route=\/wp\/v2\/posts"}],"about":[{"href":"https:\/\/www.minutenzeiger.de\/index.php?rest_route=\/wp\/v2\/types\/post"}],"author":[{"embeddable":true,"href":"https:\/\/www.minutenzeiger.de\/index.php?rest_route=\/wp\/v2\/users\/1"}],"replies":[{"embeddable":true,"href":"https:\/\/www.minutenzeiger.de\/index.php?rest_route=%2Fwp%2Fv2%2Fcomments&post=304"}],"version-history":[{"count":1,"href":"https:\/\/www.minutenzeiger.de\/index.php?rest_route=\/wp\/v2\/posts\/304\/revisions"}],"predecessor-version":[{"id":305,"href":"https:\/\/www.minutenzeiger.de\/index.php?rest_route=\/wp\/v2\/posts\/304\/revisions\/305"}],"wp:attachment":[{"href":"https:\/\/www.minutenzeiger.de\/index.php?rest_route=%2Fwp%2Fv2%2Fmedia&parent=304"}],"wp:term":[{"taxonomy":"category","embeddable":true,"href":"https:\/\/www.minutenzeiger.de\/index.php?rest_route=%2Fwp%2Fv2%2Fcategories&post=304"},{"taxonomy":"post_tag","embeddable":true,"href":"https:\/\/www.minutenzeiger.de\/index.php?rest_route=%2Fwp%2Fv2%2Ftags&post=304"}],"curies":[{"name":"wp","href":"https:\/\/api.w.org\/{rel}","templated":true}]}}