{"id":292,"date":"2015-07-11T19:39:28","date_gmt":"2015-07-11T18:39:28","guid":{"rendered":"http:\/\/www.minutenzeiger.de\/?p=292"},"modified":"2015-07-11T19:39:28","modified_gmt":"2015-07-11T18:39:28","slug":"die-ezb-eine-notenbank-mit-politischer-agenda","status":"publish","type":"post","link":"https:\/\/www.minutenzeiger.de\/?p=292","title":{"rendered":"Die EZB &#8211; Eine Notenbank mit politischer Agenda"},"content":{"rendered":"<p>Die EZB &#8211; Eine Notenbank mit politischer Agenda &#8211; Telepolis \/tp\/artikel\/45\/45392\/<\/p>\n","protected":false},"excerpt":{"rendered":"<p>Die EZB &#8211; Eine Notenbank mit politischer Agenda &#8211; Telepolis \/tp\/artikel\/45\/45392\/<\/p>\n","protected":false},"author":1,"featured_media":0,"comment_status":"closed","ping_status":"open","sticky":false,"template":"","format":"standard","meta":{"jetpack_post_was_ever_published":false,"_jetpack_newsletter_access":"","_jetpack_newsletter_tier_id":0},"categories":[3,9],"tags":[],"jetpack_sharing_enabled":true,"jetpack_featured_media_url":"","jetpack_shortlink":"https:\/\/wp.me\/paAhe5-4I","jetpack-related-posts":[{"id":700,"url":"https:\/\/www.minutenzeiger.de\/?p=700","url_meta":{"origin":292,"position":0},"title":"Im Blindflug in die Abh\u00e4ngigkeit: Was wir \u00fcber KI ausblenden | Telepolis","author":"Gonmag","date":"25. Juli 2023","format":false,"excerpt":"Eine neue Studie untersucht mit K\u00fcnstlicher Intelligenz, wie wir mit KI umgehen. Was dabei herauskommt, ist verbl\u00fcffend. Ein Land verliert dabei den Anschluss. Quelle: Im Blindflug in die Abh\u00e4ngigkeit: Was wir \u00fcber KI ausblenden | Telepolis","rel":"","context":"In &quot;AI\/KI&quot;","block_context":{"text":"AI\/KI","link":"https:\/\/www.minutenzeiger.de\/?cat=16"},"img":{"alt_text":"","src":"","width":0,"height":0},"classes":[]},{"id":635,"url":"https:\/\/www.minutenzeiger.de\/?p=635","url_meta":{"origin":292,"position":1},"title":"Klimaschutz: Die heimlichen Einfl\u00fcsterer der FDP \u2013 Kolumne","author":"Gonmag","date":"26. Juni 2023","format":false,"excerpt":"Die FDP versucht in der Ampel jedes relevante Klimaschutzgesetz zu torpedieren, mit erschreckendem Erfolg. Warum? Eine zentrale Rolle spielen radikale Ideologen \u2013 und ein libert\u00e4rer US-Milliard\u00e4r. Quelle: Klimaschutz: Die heimlichen Einfl\u00fcsterer der FDP \u2013 Kolumne","rel":"","context":"In &quot;Gesellschaft&quot;","block_context":{"text":"Gesellschaft","link":"https:\/\/www.minutenzeiger.de\/?cat=3"},"img":{"alt_text":"","src":"","width":0,"height":0},"classes":[]},{"id":942,"url":"https:\/\/www.minutenzeiger.de\/?p=942","url_meta":{"origin":292,"position":2},"title":"Deaf Performing &#8211; Musikdolmetschen f\u00fcr eine taube Community","author":"Gonmag","date":"17. April 2026","format":false,"excerpt":"Weltweit werden Songs auf der B\u00fchne mittlerweile in Geb\u00e4rdensprache \u00fcbersetzt. \"Deaf Performing\" gilt als Kunstform. Die geh\u00f6rlose Performerin Cindy Klink stand bereits mit Sting und Kylie Minogue auf der B\u00fchne. Von F. Schmidt. Quelle: Deaf Performing - Musikdolmetschen f\u00fcr eine taube Community","rel":"","context":"In &quot;Gesellschaft&quot;","block_context":{"text":"Gesellschaft","link":"https:\/\/www.minutenzeiger.de\/?cat=3"},"img":{"alt_text":"","src":"","width":0,"height":0},"classes":[]},{"id":917,"url":"https:\/\/www.minutenzeiger.de\/?p=917","url_meta":{"origin":292,"position":3},"title":"Wie mit einer Statistik zu Jugendkriminalit\u00e4t Stimmung gemacht wird | tagesschau.de","author":"Gonmag","date":"26. November 2025","format":false,"excerpt":"Eine Studie zu Kriminalit\u00e4t von Jugendlichen in NRW hat heftige Reaktionen ausgel\u00f6st. Die Forscher widersprechen jedoch der Interpretation in Medien und Teilen der daraus von Politikern abgeleiteten Forderungen. Von Wulf Rohwedder. Quelle: Wie mit einer Statistik zu Jugendkriminalit\u00e4t Stimmung gemacht wird | tagesschau.de","rel":"","context":"In &quot;Bielefeld&quot;","block_context":{"text":"Bielefeld","link":"https:\/\/www.minutenzeiger.de\/?cat=7"},"img":{"alt_text":"","src":"","width":0,"height":0},"classes":[]},{"id":939,"url":"https:\/\/www.minutenzeiger.de\/?p=939","url_meta":{"origin":292,"position":4},"title":"Machen uns KI-Chatbots d\u00fcmmer? Die Gefahr ist da, aber es gibt eine Gegenstrategie | taz.de","author":"Gonmag","date":"24. M\u00e4rz 2026","format":false,"excerpt":"Wird d\u00fcmmer, wer KI-Chatbots verwendet? Nicht unbedingt, sagt der Forscher Michael Gerlich. Zwar sei die Gefahr da \u2013 aber es gibt eine Gegenstrategie. Quelle: Machen uns KI-Chatbots d\u00fcmmer? Die Gefahr ist da, aber es gibt eine Gegenstrategie | taz.de","rel":"","context":"In &quot;AI\/KI&quot;","block_context":{"text":"AI\/KI","link":"https:\/\/www.minutenzeiger.de\/?cat=16"},"img":{"alt_text":"","src":"","width":0,"height":0},"classes":[]},{"id":466,"url":"https:\/\/www.minutenzeiger.de\/?p=466","url_meta":{"origin":292,"position":5},"title":"&#8222;Viele halten die Demokratie f\u00fcr eine veraltete Technologie&#8220;","author":"Gonmag","date":"12. Oktober 2015","format":false,"excerpt":"\"Viele halten die Demokratie f\u00fcr eine veraltete Technologie\" - Telepolis \/tp\/artikel\/46\/46140\/","rel":"","context":"In &quot;Allgemein&quot;","block_context":{"text":"Allgemein","link":"https:\/\/www.minutenzeiger.de\/?cat=1"},"img":{"alt_text":"","src":"","width":0,"height":0},"classes":[]}],"_links":{"self":[{"href":"https:\/\/www.minutenzeiger.de\/index.php?rest_route=\/wp\/v2\/posts\/292"}],"collection":[{"href":"https:\/\/www.minutenzeiger.de\/index.php?rest_route=\/wp\/v2\/posts"}],"about":[{"href":"https:\/\/www.minutenzeiger.de\/index.php?rest_route=\/wp\/v2\/types\/post"}],"author":[{"embeddable":true,"href":"https:\/\/www.minutenzeiger.de\/index.php?rest_route=\/wp\/v2\/users\/1"}],"replies":[{"embeddable":true,"href":"https:\/\/www.minutenzeiger.de\/index.php?rest_route=%2Fwp%2Fv2%2Fcomments&post=292"}],"version-history":[{"count":1,"href":"https:\/\/www.minutenzeiger.de\/index.php?rest_route=\/wp\/v2\/posts\/292\/revisions"}],"predecessor-version":[{"id":293,"href":"https:\/\/www.minutenzeiger.de\/index.php?rest_route=\/wp\/v2\/posts\/292\/revisions\/293"}],"wp:attachment":[{"href":"https:\/\/www.minutenzeiger.de\/index.php?rest_route=%2Fwp%2Fv2%2Fmedia&parent=292"}],"wp:term":[{"taxonomy":"category","embeddable":true,"href":"https:\/\/www.minutenzeiger.de\/index.php?rest_route=%2Fwp%2Fv2%2Fcategories&post=292"},{"taxonomy":"post_tag","embeddable":true,"href":"https:\/\/www.minutenzeiger.de\/index.php?rest_route=%2Fwp%2Fv2%2Ftags&post=292"}],"curies":[{"name":"wp","href":"https:\/\/api.w.org\/{rel}","templated":true}]}}