{"id":264,"date":"2015-07-04T09:12:57","date_gmt":"2015-07-04T08:12:57","guid":{"rendered":"http:\/\/www.minutenzeiger.de\/?p=264"},"modified":"2015-07-04T09:12:57","modified_gmt":"2015-07-04T08:12:57","slug":"wie-man-eine-finanzkrise-auf-die-bevoelkerung-eines-gebeutelten-landes-abwaelzt","status":"publish","type":"post","link":"https:\/\/www.minutenzeiger.de\/?p=264","title":{"rendered":"Wie man eine Finanzkrise auf die Bev\u00f6lkerung eines gebeutelten Landes abw\u00e4lzt"},"content":{"rendered":"<p>Wie man eine Finanzkrise auf die Bev\u00f6lkerung eines gebeutelten Landes abw\u00e4lzt &#8211; Telepolis \/tp\/artikel\/45\/45347\/<\/p>\n","protected":false},"excerpt":{"rendered":"<p>Wie man eine Finanzkrise auf die Bev\u00f6lkerung eines gebeutelten Landes abw\u00e4lzt &#8211; Telepolis \/tp\/artikel\/45\/45347\/<\/p>\n","protected":false},"author":1,"featured_media":0,"comment_status":"closed","ping_status":"open","sticky":false,"template":"","format":"standard","meta":{"jetpack_post_was_ever_published":false,"_jetpack_newsletter_access":"","_jetpack_newsletter_tier_id":0},"categories":[3,9],"tags":[],"jetpack_sharing_enabled":true,"jetpack_featured_media_url":"","jetpack_shortlink":"https:\/\/wp.me\/paAhe5-4g","jetpack-related-posts":[{"id":798,"url":"https:\/\/www.minutenzeiger.de\/?p=798","url_meta":{"origin":264,"position":0},"title":"Sicherheitsrat: Israel-Kritik des UN-Chefs l\u00f6st Eklat aus","author":"Gonmag","date":"24. Oktober 2023","format":false,"excerpt":"UN-Generalsekret\u00e4r Guterres hat im UN-Sicherheitsrat den Angriff der terroristischen Hamas auf Israel verurteilt - aber auch Israel eine Verletzung des V\u00f6lkerrechts vorgeworfen. Die Vertreter des Landes reagierten emp\u00f6rt. Quelle: Sicherheitsrat: Israel-Kritik des UN-Chefs l\u00f6st Eklat aus","rel":"","context":"In &quot;Politik&quot;","block_context":{"text":"Politik","link":"https:\/\/www.minutenzeiger.de\/?cat=9"},"img":{"alt_text":"","src":"","width":0,"height":0},"classes":[]},{"id":621,"url":"https:\/\/www.minutenzeiger.de\/?p=621","url_meta":{"origin":264,"position":1},"title":"Wissenschaftler warnen: Chatkontrolle ist der falsche Weg","author":"Gonmag","date":"7. Juli 2023","format":false,"excerpt":"Die Idee einer anlasslosen Chatkontrolle st\u00f6\u00dft auf Widerstand in der Wissenschaft: Dreihundert Unterzeichner eines internationalen offenen Briefes melden \u201eernsthafte Vorbehalte\u201c gegen den Vorschlag an. Namhafte Forscher und Wissenschaftler aus mehr als drei\u00dfig L\u00e4ndern wenden sich mit technischen Argumenten gegen die geplante systematische \u00dcberwachung. Quelle: Wissenschaftler warnen: Chatkontrolle ist der falsche\u2026","rel":"","context":"In &quot;Gesellschaft&quot;","block_context":{"text":"Gesellschaft","link":"https:\/\/www.minutenzeiger.de\/?cat=3"},"img":{"alt_text":"","src":"","width":0,"height":0},"classes":[]},{"id":332,"url":"https:\/\/www.minutenzeiger.de\/?p=332","url_meta":{"origin":264,"position":2},"title":"ZDF heute: Das Einmaleins der Spionage","author":"Gonmag","date":"27. Juli 2015","format":false,"excerpt":"Das Einmaleins der Spionage Was darf Spionage? Was ist unter befreundeten Staaten erlaubt? Dar\u00fcber gehen die Ansichten in Deutschland und den USA auseinander. Erstmals \u00e4u\u00dfert sich jetzt NSA-Direktor Rogers gegen\u00fcber dem ZDF. Eines steht fest: Das internationale Spionagegesch\u00e4ft unterscheidet nicht zwischen Freund und Feind. http:\/\/www.heute.de\/nsa-chef-rogers-zu-wikileaks-enthuellungen-das-einmaleins-der-spionage-39438410.html Laden Sie die ZDF heute\u2026","rel":"","context":"In &quot;Gesellschaft&quot;","block_context":{"text":"Gesellschaft","link":"https:\/\/www.minutenzeiger.de\/?cat=3"},"img":{"alt_text":"","src":"","width":0,"height":0},"classes":[]},{"id":608,"url":"https:\/\/www.minutenzeiger.de\/?p=608","url_meta":{"origin":264,"position":3},"title":"K\u00fcnftige KI-Modelle potenziell von Demenz bedroht | heise online","author":"Gonmag","date":"7. Juli 2023","format":false,"excerpt":"Eine neue Studie befasst sich mit der Frage, wie es sich auf K\u00fcnstliche Intelligenz auswirkt, wenn sie k\u00fcnftig st\u00e4rker anhand von KI-generierten Texten lernt. Quelle: K\u00fcnftige KI-Modelle potenziell von Demenz bedroht | heise online","rel":"","context":"In &quot;AI\/KI&quot;","block_context":{"text":"AI\/KI","link":"https:\/\/www.minutenzeiger.de\/?cat=16"},"img":{"alt_text":"","src":"","width":0,"height":0},"classes":[]},{"id":917,"url":"https:\/\/www.minutenzeiger.de\/?p=917","url_meta":{"origin":264,"position":4},"title":"Wie mit einer Statistik zu Jugendkriminalit\u00e4t Stimmung gemacht wird | tagesschau.de","author":"Gonmag","date":"26. November 2025","format":false,"excerpt":"Eine Studie zu Kriminalit\u00e4t von Jugendlichen in NRW hat heftige Reaktionen ausgel\u00f6st. Die Forscher widersprechen jedoch der Interpretation in Medien und Teilen der daraus von Politikern abgeleiteten Forderungen. Von Wulf Rohwedder. Quelle: Wie mit einer Statistik zu Jugendkriminalit\u00e4t Stimmung gemacht wird | tagesschau.de","rel":"","context":"In &quot;Bielefeld&quot;","block_context":{"text":"Bielefeld","link":"https:\/\/www.minutenzeiger.de\/?cat=7"},"img":{"alt_text":"","src":"","width":0,"height":0},"classes":[]},{"id":700,"url":"https:\/\/www.minutenzeiger.de\/?p=700","url_meta":{"origin":264,"position":5},"title":"Im Blindflug in die Abh\u00e4ngigkeit: Was wir \u00fcber KI ausblenden | Telepolis","author":"Gonmag","date":"25. Juli 2023","format":false,"excerpt":"Eine neue Studie untersucht mit K\u00fcnstlicher Intelligenz, wie wir mit KI umgehen. Was dabei herauskommt, ist verbl\u00fcffend. Ein Land verliert dabei den Anschluss. Quelle: Im Blindflug in die Abh\u00e4ngigkeit: Was wir \u00fcber KI ausblenden | Telepolis","rel":"","context":"In &quot;AI\/KI&quot;","block_context":{"text":"AI\/KI","link":"https:\/\/www.minutenzeiger.de\/?cat=16"},"img":{"alt_text":"","src":"","width":0,"height":0},"classes":[]}],"_links":{"self":[{"href":"https:\/\/www.minutenzeiger.de\/index.php?rest_route=\/wp\/v2\/posts\/264"}],"collection":[{"href":"https:\/\/www.minutenzeiger.de\/index.php?rest_route=\/wp\/v2\/posts"}],"about":[{"href":"https:\/\/www.minutenzeiger.de\/index.php?rest_route=\/wp\/v2\/types\/post"}],"author":[{"embeddable":true,"href":"https:\/\/www.minutenzeiger.de\/index.php?rest_route=\/wp\/v2\/users\/1"}],"replies":[{"embeddable":true,"href":"https:\/\/www.minutenzeiger.de\/index.php?rest_route=%2Fwp%2Fv2%2Fcomments&post=264"}],"version-history":[{"count":1,"href":"https:\/\/www.minutenzeiger.de\/index.php?rest_route=\/wp\/v2\/posts\/264\/revisions"}],"predecessor-version":[{"id":265,"href":"https:\/\/www.minutenzeiger.de\/index.php?rest_route=\/wp\/v2\/posts\/264\/revisions\/265"}],"wp:attachment":[{"href":"https:\/\/www.minutenzeiger.de\/index.php?rest_route=%2Fwp%2Fv2%2Fmedia&parent=264"}],"wp:term":[{"taxonomy":"category","embeddable":true,"href":"https:\/\/www.minutenzeiger.de\/index.php?rest_route=%2Fwp%2Fv2%2Fcategories&post=264"},{"taxonomy":"post_tag","embeddable":true,"href":"https:\/\/www.minutenzeiger.de\/index.php?rest_route=%2Fwp%2Fv2%2Ftags&post=264"}],"curies":[{"name":"wp","href":"https:\/\/api.w.org\/{rel}","templated":true}]}}