{"id":250,"date":"2015-05-09T21:35:17","date_gmt":"2015-05-09T20:35:17","guid":{"rendered":"http:\/\/www.minutenzeiger.de\/?p=250"},"modified":"2015-05-09T21:35:17","modified_gmt":"2015-05-09T20:35:17","slug":"an-einer-demokratiefreien-zone-wird-bereits-gearbeitet","status":"publish","type":"post","link":"https:\/\/www.minutenzeiger.de\/?p=250","title":{"rendered":"&#8222;An einer demokratiefreien Zone wird bereits gearbeitet&#8220;"},"content":{"rendered":"<p>&#8222;An einer demokratiefreien Zone wird bereits gearbeitet&#8220; &#8211; Telepolis \/tp\/artikel\/44\/44622\/<\/p>\n","protected":false},"excerpt":{"rendered":"<p>&#8222;An einer demokratiefreien Zone wird bereits gearbeitet&#8220; &#8211; Telepolis \/tp\/artikel\/44\/44622\/<\/p>\n","protected":false},"author":1,"featured_media":0,"comment_status":"closed","ping_status":"open","sticky":false,"template":"","format":"standard","meta":{"jetpack_post_was_ever_published":false,"_jetpack_newsletter_access":"","_jetpack_newsletter_tier_id":0},"categories":[3,8,9],"tags":[],"jetpack_sharing_enabled":true,"jetpack_featured_media_url":"","jetpack_shortlink":"https:\/\/wp.me\/paAhe5-42","jetpack-related-posts":[{"id":925,"url":"https:\/\/www.minutenzeiger.de\/?p=925","url_meta":{"origin":250,"position":0},"title":"KI und Security: Zero-Day-Exploits durch KI sind bereits Realit\u00e4t","author":"Gonmag","date":"23. Januar 2026","format":false,"excerpt":"Eine Studie zeigt: KIs k\u00f6nnen komplexe Zero-Day-Exploits erstellen. Die Folge: Die Suche nach Sicherheitsl\u00fccken wird erfolgreich industrialisiert und skaliert. Quelle: KI und Security: Zero-Day-Exploits durch KI sind bereits Realit\u00e4t","rel":"","context":"In &quot;AI\/KI&quot;","block_context":{"text":"AI\/KI","link":"https:\/\/www.minutenzeiger.de\/?cat=16"},"img":{"alt_text":"","src":"","width":0,"height":0},"classes":[]},{"id":917,"url":"https:\/\/www.minutenzeiger.de\/?p=917","url_meta":{"origin":250,"position":1},"title":"Wie mit einer Statistik zu Jugendkriminalit\u00e4t Stimmung gemacht wird | tagesschau.de","author":"Gonmag","date":"26. November 2025","format":false,"excerpt":"Eine Studie zu Kriminalit\u00e4t von Jugendlichen in NRW hat heftige Reaktionen ausgel\u00f6st. Die Forscher widersprechen jedoch der Interpretation in Medien und Teilen der daraus von Politikern abgeleiteten Forderungen. Von Wulf Rohwedder. Quelle: Wie mit einer Statistik zu Jugendkriminalit\u00e4t Stimmung gemacht wird | tagesschau.de","rel":"","context":"In &quot;Bielefeld&quot;","block_context":{"text":"Bielefeld","link":"https:\/\/www.minutenzeiger.de\/?cat=7"},"img":{"alt_text":"","src":"","width":0,"height":0},"classes":[]},{"id":942,"url":"https:\/\/www.minutenzeiger.de\/?p=942","url_meta":{"origin":250,"position":2},"title":"Deaf Performing &#8211; Musikdolmetschen f\u00fcr eine taube Community","author":"Gonmag","date":"17. April 2026","format":false,"excerpt":"Weltweit werden Songs auf der B\u00fchne mittlerweile in Geb\u00e4rdensprache \u00fcbersetzt. \"Deaf Performing\" gilt als Kunstform. Die geh\u00f6rlose Performerin Cindy Klink stand bereits mit Sting und Kylie Minogue auf der B\u00fchne. Von F. Schmidt. Quelle: Deaf Performing - Musikdolmetschen f\u00fcr eine taube Community","rel":"","context":"In &quot;Gesellschaft&quot;","block_context":{"text":"Gesellschaft","link":"https:\/\/www.minutenzeiger.de\/?cat=3"},"img":{"alt_text":"","src":"","width":0,"height":0},"classes":[]},{"id":88,"url":"https:\/\/www.minutenzeiger.de\/?p=88","url_meta":{"origin":250,"position":3},"title":"Wenn Unvorstellbares Realit\u00e4t wird","author":"Gonmag","date":"16. Januar 2015","format":false,"excerpt":"Wenn Unvorstellbares Realit\u00e4t wird - Telepolis \/tp\/artikel\/43\/43878\/","rel":"","context":"In &quot;Gesellschaft&quot;","block_context":{"text":"Gesellschaft","link":"https:\/\/www.minutenzeiger.de\/?cat=3"},"img":{"alt_text":"","src":"","width":0,"height":0},"classes":[]},{"id":130,"url":"https:\/\/www.minutenzeiger.de\/?p=130","url_meta":{"origin":250,"position":4},"title":"&#8222;Elitenvernetzung wird als solche kaum beachtet&#8220;","author":"Gonmag","date":"20. Januar 2015","format":false,"excerpt":"\"Elitenvernetzung wird als solche kaum beachtet\" - Telepolis \/tp\/artikel\/43\/43910\/","rel":"","context":"In &quot;Gesellschaft&quot;","block_context":{"text":"Gesellschaft","link":"https:\/\/www.minutenzeiger.de\/?cat=3"},"img":{"alt_text":"","src":"","width":0,"height":0},"classes":[]},{"id":584,"url":"https:\/\/www.minutenzeiger.de\/?p=584","url_meta":{"origin":250,"position":5},"title":"Wirtschaftsforscherin: Die Verkehrswende wird komplett verhindert","author":"Gonmag","date":"17. M\u00e4rz 2019","format":false,"excerpt":"Wirtschaftsforscherin: Die Verkehrswende wird komplett verhindert - heise online https:\/\/heise.de\/-4336414","rel":"","context":"In &quot;Gesellschaft&quot;","block_context":{"text":"Gesellschaft","link":"https:\/\/www.minutenzeiger.de\/?cat=3"},"img":{"alt_text":"","src":"","width":0,"height":0},"classes":[]}],"_links":{"self":[{"href":"https:\/\/www.minutenzeiger.de\/index.php?rest_route=\/wp\/v2\/posts\/250"}],"collection":[{"href":"https:\/\/www.minutenzeiger.de\/index.php?rest_route=\/wp\/v2\/posts"}],"about":[{"href":"https:\/\/www.minutenzeiger.de\/index.php?rest_route=\/wp\/v2\/types\/post"}],"author":[{"embeddable":true,"href":"https:\/\/www.minutenzeiger.de\/index.php?rest_route=\/wp\/v2\/users\/1"}],"replies":[{"embeddable":true,"href":"https:\/\/www.minutenzeiger.de\/index.php?rest_route=%2Fwp%2Fv2%2Fcomments&post=250"}],"version-history":[{"count":1,"href":"https:\/\/www.minutenzeiger.de\/index.php?rest_route=\/wp\/v2\/posts\/250\/revisions"}],"predecessor-version":[{"id":251,"href":"https:\/\/www.minutenzeiger.de\/index.php?rest_route=\/wp\/v2\/posts\/250\/revisions\/251"}],"wp:attachment":[{"href":"https:\/\/www.minutenzeiger.de\/index.php?rest_route=%2Fwp%2Fv2%2Fmedia&parent=250"}],"wp:term":[{"taxonomy":"category","embeddable":true,"href":"https:\/\/www.minutenzeiger.de\/index.php?rest_route=%2Fwp%2Fv2%2Fcategories&post=250"},{"taxonomy":"post_tag","embeddable":true,"href":"https:\/\/www.minutenzeiger.de\/index.php?rest_route=%2Fwp%2Fv2%2Ftags&post=250"}],"curies":[{"name":"wp","href":"https:\/\/api.w.org\/{rel}","templated":true}]}}