{"id":244,"date":"2015-04-26T08:31:00","date_gmt":"2015-04-26T07:31:00","guid":{"rendered":"http:\/\/www.minutenzeiger.de\/?p=244"},"modified":"2015-04-25T22:32:01","modified_gmt":"2015-04-25T21:32:01","slug":"ist-demokratie-mit-dieser-eu-ueberhaupt-moeglich","status":"publish","type":"post","link":"https:\/\/www.minutenzeiger.de\/?p=244","title":{"rendered":"Ist Demokratie mit dieser EU \u00fcberhaupt m\u00f6glich?"},"content":{"rendered":"<p>Ist Demokratie mit dieser EU \u00fcberhaupt m\u00f6glich? &#8211; Telepolis <a href=\"http:\/\/heise.de\/-2621230\">http:\/\/heise.de\/-2621230<\/a><\/p>\n","protected":false},"excerpt":{"rendered":"<p>Ist Demokratie mit dieser EU \u00fcberhaupt m\u00f6glich? &#8211; Telepolis http:\/\/heise.de\/-2621230<\/p>\n","protected":false},"author":1,"featured_media":0,"comment_status":"closed","ping_status":"open","sticky":false,"template":"","format":"standard","meta":{"jetpack_post_was_ever_published":false,"_jetpack_newsletter_access":"","_jetpack_newsletter_tier_id":0},"categories":[3,9],"tags":[],"jetpack_sharing_enabled":true,"jetpack_featured_media_url":"","jetpack_shortlink":"https:\/\/wp.me\/paAhe5-3W","jetpack-related-posts":[{"id":366,"url":"https:\/\/www.minutenzeiger.de\/?p=366","url_meta":{"origin":244,"position":0},"title":"&#8222;Griechenland ist ein Ort, wo der Kapitalismus die Demokratie bek\u00e4mpft&#8220;","author":"Gonmag","date":"12. August 2015","format":false,"excerpt":"\"Griechenland ist ein Ort, wo der Kapitalismus die Demokratie bek\u00e4mpft\" - Telepolis http:\/\/heise.de\/-2776725","rel":"","context":"In &quot;Gesellschaft&quot;","block_context":{"text":"Gesellschaft","link":"https:\/\/www.minutenzeiger.de\/?cat=3"},"img":{"alt_text":"","src":"","width":0,"height":0},"classes":[]},{"id":364,"url":"https:\/\/www.minutenzeiger.de\/?p=364","url_meta":{"origin":244,"position":1},"title":"Atombombe oder Demokratie?","author":"Gonmag","date":"9. August 2015","format":false,"excerpt":"Atombombe oder Demokratie? - Telepolis \/tp\/artikel\/45\/45652\/","rel":"","context":"In &quot;Gesellschaft&quot;","block_context":{"text":"Gesellschaft","link":"https:\/\/www.minutenzeiger.de\/?cat=3"},"img":{"alt_text":"","src":"","width":0,"height":0},"classes":[]},{"id":238,"url":"https:\/\/www.minutenzeiger.de\/?p=238","url_meta":{"origin":244,"position":2},"title":"Freihandel und Wirtschaftswachstum statt Demokratie und \u00d6kologie","author":"Gonmag","date":"30. M\u00e4rz 2015","format":false,"excerpt":"Freihandel und Wirtschaftswachstum statt Demokratie und \u00d6kologie - Telepolis \/tp\/artikel\/44\/44487\/","rel":"","context":"In &quot;Gesellschaft&quot;","block_context":{"text":"Gesellschaft","link":"https:\/\/www.minutenzeiger.de\/?cat=3"},"img":{"alt_text":"","src":"","width":0,"height":0},"classes":[]},{"id":466,"url":"https:\/\/www.minutenzeiger.de\/?p=466","url_meta":{"origin":244,"position":3},"title":"&#8222;Viele halten die Demokratie f\u00fcr eine veraltete Technologie&#8220;","author":"Gonmag","date":"12. Oktober 2015","format":false,"excerpt":"\"Viele halten die Demokratie f\u00fcr eine veraltete Technologie\" - Telepolis \/tp\/artikel\/46\/46140\/","rel":"","context":"In &quot;Allgemein&quot;","block_context":{"text":"Allgemein","link":"https:\/\/www.minutenzeiger.de\/?cat=1"},"img":{"alt_text":"","src":"","width":0,"height":0},"classes":[]},{"id":508,"url":"https:\/\/www.minutenzeiger.de\/?p=508","url_meta":{"origin":244,"position":4},"title":"Kommentar: Verbot der Netz-Anonymit\u00e4t legt die Axt an die Demokratie","author":"Gonmag","date":"6. Dezember 2015","format":false,"excerpt":"Kommentar: Verbot der Netz-Anonymit\u00e4t legt die Axt an die Demokratie - heise online http:\/\/heise.de\/-3032799","rel":"","context":"In &quot;Gesellschaft&quot;","block_context":{"text":"Gesellschaft","link":"https:\/\/www.minutenzeiger.de\/?cat=3"},"img":{"alt_text":"","src":"","width":0,"height":0},"classes":[]},{"id":140,"url":"https:\/\/www.minutenzeiger.de\/?p=140","url_meta":{"origin":244,"position":5},"title":"Kommentar: Die Crypto-Wars 3.0 sind ein Kampf um den Erhalt der Demokratie","author":"Gonmag","date":"23. Januar 2015","format":false,"excerpt":"Kommentar: Die Crypto-Wars 3.0 sind ein Kampf um den Erhalt der Demokratie - heise online http:\/\/heise.de\/-2525998","rel":"","context":"In &quot;Gesellschaft&quot;","block_context":{"text":"Gesellschaft","link":"https:\/\/www.minutenzeiger.de\/?cat=3"},"img":{"alt_text":"","src":"","width":0,"height":0},"classes":[]}],"_links":{"self":[{"href":"https:\/\/www.minutenzeiger.de\/index.php?rest_route=\/wp\/v2\/posts\/244"}],"collection":[{"href":"https:\/\/www.minutenzeiger.de\/index.php?rest_route=\/wp\/v2\/posts"}],"about":[{"href":"https:\/\/www.minutenzeiger.de\/index.php?rest_route=\/wp\/v2\/types\/post"}],"author":[{"embeddable":true,"href":"https:\/\/www.minutenzeiger.de\/index.php?rest_route=\/wp\/v2\/users\/1"}],"replies":[{"embeddable":true,"href":"https:\/\/www.minutenzeiger.de\/index.php?rest_route=%2Fwp%2Fv2%2Fcomments&post=244"}],"version-history":[{"count":1,"href":"https:\/\/www.minutenzeiger.de\/index.php?rest_route=\/wp\/v2\/posts\/244\/revisions"}],"predecessor-version":[{"id":245,"href":"https:\/\/www.minutenzeiger.de\/index.php?rest_route=\/wp\/v2\/posts\/244\/revisions\/245"}],"wp:attachment":[{"href":"https:\/\/www.minutenzeiger.de\/index.php?rest_route=%2Fwp%2Fv2%2Fmedia&parent=244"}],"wp:term":[{"taxonomy":"category","embeddable":true,"href":"https:\/\/www.minutenzeiger.de\/index.php?rest_route=%2Fwp%2Fv2%2Fcategories&post=244"},{"taxonomy":"post_tag","embeddable":true,"href":"https:\/\/www.minutenzeiger.de\/index.php?rest_route=%2Fwp%2Fv2%2Ftags&post=244"}],"curies":[{"name":"wp","href":"https:\/\/api.w.org\/{rel}","templated":true}]}}