{"id":234,"date":"2015-03-26T10:01:51","date_gmt":"2015-03-26T09:01:51","guid":{"rendered":"http:\/\/www.minutenzeiger.de\/?p=234"},"modified":"2015-03-26T10:01:51","modified_gmt":"2015-03-26T09:01:51","slug":"datenschuetzer-whatsapp-taugt-nicht-fuer-pflegedienste","status":"publish","type":"post","link":"https:\/\/www.minutenzeiger.de\/?p=234","title":{"rendered":"Datensch\u00fctzer: WhatsApp taugt nicht f\u00fcr Pflegedienste"},"content":{"rendered":"<p>Datensch\u00fctzer: WhatsApp taugt nicht f\u00fcr Pflegedienste &#8211; heise online <a href=\"http:\/\/heise.de\/-2584653\">http:\/\/heise.de\/-2584653<\/a><\/p>\n","protected":false},"excerpt":{"rendered":"<p>Datensch\u00fctzer: WhatsApp taugt nicht f\u00fcr Pflegedienste &#8211; heise online http:\/\/heise.de\/-2584653<\/p>\n","protected":false},"author":1,"featured_media":0,"comment_status":"closed","ping_status":"open","sticky":false,"template":"","format":"standard","meta":{"jetpack_post_was_ever_published":false,"_jetpack_newsletter_access":"","_jetpack_newsletter_tier_id":0},"categories":[3,9,6,4],"tags":[],"jetpack_sharing_enabled":true,"jetpack_featured_media_url":"","jetpack_shortlink":"https:\/\/wp.me\/paAhe5-3M","jetpack-related-posts":[{"id":907,"url":"https:\/\/www.minutenzeiger.de\/?p=907","url_meta":{"origin":234,"position":0},"title":"3,5 Milliarden User: Gesamtes WhatsApp-Verzeichnis abgeschnorchelt | heise online","author":"Gonmag","date":"18. November 2025","format":false,"excerpt":"Wiener Forscher haben alle WhatsApp-Nummern abgerufen. Die 3,5 Milliarden Profile sind der gr\u00f6\u00dfte Datenabfluss der Geschichte \u2013 und \u00fcbler, als man meinen w\u00fcrde. Quelle: 3,5 Milliarden User: Gesamtes WhatsApp-Verzeichnis abgeschnorchelt | heise online","rel":"","context":"In &quot;IT&quot;","block_context":{"text":"IT","link":"https:\/\/www.minutenzeiger.de\/?cat=11"},"img":{"alt_text":"","src":"","width":0,"height":0},"classes":[]},{"id":730,"url":"https:\/\/www.minutenzeiger.de\/?p=730","url_meta":{"origin":234,"position":1},"title":"Lesen lernen: Was spricht f\u00fcr das Buch, was f\u00fcr den Bildschirm?","author":"Gonmag","date":"11. August 2023","format":false,"excerpt":"Digitale Medien ver\u00e4ndern, wie wir lesen \u2013 und wie Kinder in der Schule lesen lernen. Ob das nun gut ist oder schlecht, h\u00e4ngt nicht nur von der Dosis ab. Quelle: Lesen lernen: Was spricht f\u00fcr das Buch, was f\u00fcr den Bildschirm?","rel":"","context":"In &quot;Bildung&quot;","block_context":{"text":"Bildung","link":"https:\/\/www.minutenzeiger.de\/?cat=21"},"img":{"alt_text":"","src":"","width":0,"height":0},"classes":[]},{"id":721,"url":"https:\/\/www.minutenzeiger.de\/?p=721","url_meta":{"origin":234,"position":2},"title":"Aktivismus als Bereicherung: Engagiert euch! &#8211; taz.de","author":"Gonmag","date":"31. Juli 2023","format":false,"excerpt":"Politisches Engagement ist f\u00fcr unsere Autorin selbstverst\u00e4ndlich und lohnt immer. Das hei\u00dft allerdings nicht, dass die Lasten gerecht verteilt w\u00e4ren. Quelle: Aktivismus als Bereicherung: Engagiert euch! - taz.de","rel":"","context":"In &quot;Gesellschaft&quot;","block_context":{"text":"Gesellschaft","link":"https:\/\/www.minutenzeiger.de\/?cat=3"},"img":{"alt_text":"","src":"","width":0,"height":0},"classes":[]},{"id":623,"url":"https:\/\/www.minutenzeiger.de\/?p=623","url_meta":{"origin":234,"position":3},"title":"Olimpias Augen: Das Hype-Theater um moderne Chatbots","author":"Gonmag","date":"7. Juli 2023","format":false,"excerpt":"Die Debatte um K\u00fcnstliche Intelligenz und ChatGPT f\u00fchrt dramatisch in die Irre. In seiner Ringvorlesung f\u00fcr die Universit\u00e4t Erfurt f\u00e4chert der Autor zehn Gefahren aktuell gehypter KI-Systeme auf und argumentiert: Nicht etwa intelligente Maschinen sind das Problem, sondern der menschliche Blick auf Technologie. Quelle: Olimpias Augen: Das Hype-Theater um moderne\u2026","rel":"","context":"In &quot;AI\/KI&quot;","block_context":{"text":"AI\/KI","link":"https:\/\/www.minutenzeiger.de\/?cat=16"},"img":{"alt_text":"","src":"","width":0,"height":0},"classes":[]},{"id":48,"url":"https:\/\/www.minutenzeiger.de\/?p=48","url_meta":{"origin":234,"position":4},"title":"Ich bin nicht Charlie!","author":"Gonmag","date":"10. Januar 2015","format":false,"excerpt":"Ich bin nicht Charlie! - Telepolis \/tp\/artikel\/43\/43814\/","rel":"","context":"In &quot;Gesellschaft&quot;","block_context":{"text":"Gesellschaft","link":"https:\/\/www.minutenzeiger.de\/?cat=3"},"img":{"alt_text":"","src":"","width":0,"height":0},"classes":[]},{"id":126,"url":"https:\/\/www.minutenzeiger.de\/?p=126","url_meta":{"origin":234,"position":5},"title":"R\u00fchr meinen D\u00fcnkel nicht an","author":"Gonmag","date":"19. Januar 2015","format":false,"excerpt":"R\u00fchr meinen D\u00fcnkel nicht an - Telepolis \/tp\/artikel\/43\/43856\/","rel":"","context":"In &quot;Gesellschaft&quot;","block_context":{"text":"Gesellschaft","link":"https:\/\/www.minutenzeiger.de\/?cat=3"},"img":{"alt_text":"","src":"","width":0,"height":0},"classes":[]}],"_links":{"self":[{"href":"https:\/\/www.minutenzeiger.de\/index.php?rest_route=\/wp\/v2\/posts\/234"}],"collection":[{"href":"https:\/\/www.minutenzeiger.de\/index.php?rest_route=\/wp\/v2\/posts"}],"about":[{"href":"https:\/\/www.minutenzeiger.de\/index.php?rest_route=\/wp\/v2\/types\/post"}],"author":[{"embeddable":true,"href":"https:\/\/www.minutenzeiger.de\/index.php?rest_route=\/wp\/v2\/users\/1"}],"replies":[{"embeddable":true,"href":"https:\/\/www.minutenzeiger.de\/index.php?rest_route=%2Fwp%2Fv2%2Fcomments&post=234"}],"version-history":[{"count":1,"href":"https:\/\/www.minutenzeiger.de\/index.php?rest_route=\/wp\/v2\/posts\/234\/revisions"}],"predecessor-version":[{"id":235,"href":"https:\/\/www.minutenzeiger.de\/index.php?rest_route=\/wp\/v2\/posts\/234\/revisions\/235"}],"wp:attachment":[{"href":"https:\/\/www.minutenzeiger.de\/index.php?rest_route=%2Fwp%2Fv2%2Fmedia&parent=234"}],"wp:term":[{"taxonomy":"category","embeddable":true,"href":"https:\/\/www.minutenzeiger.de\/index.php?rest_route=%2Fwp%2Fv2%2Fcategories&post=234"},{"taxonomy":"post_tag","embeddable":true,"href":"https:\/\/www.minutenzeiger.de\/index.php?rest_route=%2Fwp%2Fv2%2Ftags&post=234"}],"curies":[{"name":"wp","href":"https:\/\/api.w.org\/{rel}","templated":true}]}}