{"id":218,"date":"2015-02-11T22:45:30","date_gmt":"2015-02-11T21:45:30","guid":{"rendered":"http:\/\/www.minutenzeiger.de\/?p=218"},"modified":"2015-02-11T22:45:30","modified_gmt":"2015-02-11T21:45:30","slug":"fuer-ein-vertrauliches-gespraech-treffen-sie-mich-an-der-dritten-buche-links","status":"publish","type":"post","link":"https:\/\/www.minutenzeiger.de\/?p=218","title":{"rendered":"F\u00fcr ein vertrauliches Gespr\u00e4ch treffen Sie mich an der dritten Buche links"},"content":{"rendered":"<p>F\u00fcr ein vertrauliches Gespr\u00e4ch treffen Sie mich an der dritten Buche links &#8211; Telepolis <a href=\"http:\/\/heise.de\/-2546557\">http:\/\/heise.de\/-2546557<\/a><\/p>\n","protected":false},"excerpt":{"rendered":"<p>F\u00fcr ein vertrauliches Gespr\u00e4ch treffen Sie mich an der dritten Buche links &#8211; Telepolis http:\/\/heise.de\/-2546557<\/p>\n","protected":false},"author":1,"featured_media":0,"comment_status":"closed","ping_status":"open","sticky":false,"template":"","format":"standard","meta":{"jetpack_post_was_ever_published":false,"_jetpack_newsletter_access":"","_jetpack_newsletter_tier_id":0},"categories":[3,4],"tags":[],"jetpack_sharing_enabled":true,"jetpack_featured_media_url":"","jetpack_shortlink":"https:\/\/wp.me\/paAhe5-3w","jetpack-related-posts":[{"id":886,"url":"https:\/\/www.minutenzeiger.de\/?p=886","url_meta":{"origin":218,"position":0},"title":"Wissenschaftsjournalistin \u00fcber Flora: \u201ePflanzen nehmen fein wahr\u201c &#8211; taz.de","author":"Gonmag","date":"29. September 2024","format":false,"excerpt":"Tiere sind f\u00fchlende Wesen, so weit sind wir heute. Aber muss man Mitleid mit Pflanzen haben? Ein Gespr\u00e4ch \u00fcber Schmerz und Kommunikation der Flora. Quelle: Wissenschaftsjournalistin \u00fcber Flora: \u201ePflanzen nehmen fein wahr\u201c - taz.de","rel":"","context":"In &quot;Ern\u00e4hrung&quot;","block_context":{"text":"Ern\u00e4hrung","link":"https:\/\/www.minutenzeiger.de\/?cat=13"},"img":{"alt_text":"","src":"","width":0,"height":0},"classes":[]},{"id":855,"url":"https:\/\/www.minutenzeiger.de\/?p=855","url_meta":{"origin":218,"position":1},"title":"Ohrwurm-Alarm: Gehirn speichert Lieder genauer ab als gedacht","author":"Gonmag","date":"20. August 2024","format":false,"excerpt":"Mehr Menschen als gedacht treffen beim Singen von Ohrw\u00fcrmern die richtige Tonart, zeigt eine Studie. Dabei spielt Talent keine entscheidende Rolle. Quelle: Ohrwurm-Alarm: Gehirn speichert Lieder genauer ab als gedacht","rel":"","context":"In &quot;Medien&quot;","block_context":{"text":"Medien","link":"https:\/\/www.minutenzeiger.de\/?cat=8"},"img":{"alt_text":"","src":"","width":0,"height":0},"classes":[]},{"id":813,"url":"https:\/\/www.minutenzeiger.de\/?p=813","url_meta":{"origin":218,"position":2},"title":"Darm-Hirn-Achse: Wie der Darm unsere Psyche beeinflusst","author":"Gonmag","date":"24. Dezember 2023","format":false,"excerpt":"Um zu kommunizieren, ist der Darm mit dem Gehirn verbunden. Forscher finden immer mehr heraus, wie weitreichend diese Verbindung ist. Nicht nur steht sie im Zusammenhang mit Krankheiten, sie k\u00f6nnte auch die Basis neuer Therapien sein. Von Melina Runde. Quelle: Darm-Hirn-Achse: Wie der Darm unsere Psyche beeinflusst","rel":"","context":"In &quot;Ern\u00e4hrung&quot;","block_context":{"text":"Ern\u00e4hrung","link":"https:\/\/www.minutenzeiger.de\/?cat=13"},"img":{"alt_text":"","src":"","width":0,"height":0},"classes":[]},{"id":36,"url":"https:\/\/www.minutenzeiger.de\/?p=36","url_meta":{"origin":218,"position":3},"title":"Netzpolitik 2014: Ein Erfolg, aber nicht in der Politik | Politik Digital","author":"Gonmag","date":"9. Januar 2015","format":false,"excerpt":"http:\/\/politik-digital.de\/netzpolitik-2014-ein-erfolg-aber-nicht-in-der-politik\/","rel":"","context":"In &quot;Gesellschaft&quot;","block_context":{"text":"Gesellschaft","link":"https:\/\/www.minutenzeiger.de\/?cat=3"},"img":{"alt_text":"","src":"","width":0,"height":0},"classes":[]},{"id":366,"url":"https:\/\/www.minutenzeiger.de\/?p=366","url_meta":{"origin":218,"position":4},"title":"&#8222;Griechenland ist ein Ort, wo der Kapitalismus die Demokratie bek\u00e4mpft&#8220;","author":"Gonmag","date":"12. August 2015","format":false,"excerpt":"\"Griechenland ist ein Ort, wo der Kapitalismus die Demokratie bek\u00e4mpft\" - Telepolis http:\/\/heise.de\/-2776725","rel":"","context":"In &quot;Gesellschaft&quot;","block_context":{"text":"Gesellschaft","link":"https:\/\/www.minutenzeiger.de\/?cat=3"},"img":{"alt_text":"","src":"","width":0,"height":0},"classes":[]},{"id":140,"url":"https:\/\/www.minutenzeiger.de\/?p=140","url_meta":{"origin":218,"position":5},"title":"Kommentar: Die Crypto-Wars 3.0 sind ein Kampf um den Erhalt der Demokratie","author":"Gonmag","date":"23. Januar 2015","format":false,"excerpt":"Kommentar: Die Crypto-Wars 3.0 sind ein Kampf um den Erhalt der Demokratie - heise online http:\/\/heise.de\/-2525998","rel":"","context":"In &quot;Gesellschaft&quot;","block_context":{"text":"Gesellschaft","link":"https:\/\/www.minutenzeiger.de\/?cat=3"},"img":{"alt_text":"","src":"","width":0,"height":0},"classes":[]}],"_links":{"self":[{"href":"https:\/\/www.minutenzeiger.de\/index.php?rest_route=\/wp\/v2\/posts\/218"}],"collection":[{"href":"https:\/\/www.minutenzeiger.de\/index.php?rest_route=\/wp\/v2\/posts"}],"about":[{"href":"https:\/\/www.minutenzeiger.de\/index.php?rest_route=\/wp\/v2\/types\/post"}],"author":[{"embeddable":true,"href":"https:\/\/www.minutenzeiger.de\/index.php?rest_route=\/wp\/v2\/users\/1"}],"replies":[{"embeddable":true,"href":"https:\/\/www.minutenzeiger.de\/index.php?rest_route=%2Fwp%2Fv2%2Fcomments&post=218"}],"version-history":[{"count":1,"href":"https:\/\/www.minutenzeiger.de\/index.php?rest_route=\/wp\/v2\/posts\/218\/revisions"}],"predecessor-version":[{"id":219,"href":"https:\/\/www.minutenzeiger.de\/index.php?rest_route=\/wp\/v2\/posts\/218\/revisions\/219"}],"wp:attachment":[{"href":"https:\/\/www.minutenzeiger.de\/index.php?rest_route=%2Fwp%2Fv2%2Fmedia&parent=218"}],"wp:term":[{"taxonomy":"category","embeddable":true,"href":"https:\/\/www.minutenzeiger.de\/index.php?rest_route=%2Fwp%2Fv2%2Fcategories&post=218"},{"taxonomy":"post_tag","embeddable":true,"href":"https:\/\/www.minutenzeiger.de\/index.php?rest_route=%2Fwp%2Fv2%2Ftags&post=218"}],"curies":[{"name":"wp","href":"https:\/\/api.w.org\/{rel}","templated":true}]}}