{"id":216,"date":"2015-02-10T22:19:27","date_gmt":"2015-02-10T21:19:27","guid":{"rendered":"http:\/\/www.minutenzeiger.de\/?p=216"},"modified":"2015-02-10T22:19:27","modified_gmt":"2015-02-10T21:19:27","slug":"die-verlindenstrassung-der-weltpolitik","status":"publish","type":"post","link":"https:\/\/www.minutenzeiger.de\/?p=216","title":{"rendered":"Die Verlindenstra\u00dfung der Weltpolitik"},"content":{"rendered":"<p>Die Verlindenstra\u00dfung der Weltpolitik &#8211; Telepolis \/tp\/artikel\/44\/44109\/<\/p>\n","protected":false},"excerpt":{"rendered":"<p>Die Verlindenstra\u00dfung der Weltpolitik &#8211; Telepolis \/tp\/artikel\/44\/44109\/<\/p>\n","protected":false},"author":1,"featured_media":0,"comment_status":"closed","ping_status":"open","sticky":false,"template":"","format":"standard","meta":{"jetpack_post_was_ever_published":false,"_jetpack_newsletter_access":"","_jetpack_newsletter_tier_id":0},"categories":[3,9],"tags":[],"jetpack_sharing_enabled":true,"jetpack_featured_media_url":"","jetpack_shortlink":"https:\/\/wp.me\/paAhe5-3u","jetpack-related-posts":[{"id":450,"url":"https:\/\/www.minutenzeiger.de\/?p=450","url_meta":{"origin":216,"position":0},"title":"Die Nation in der Krise","author":"Gonmag","date":"30. September 2015","format":false,"excerpt":"Die Nation in der Krise - Telepolis \/tp\/artikel\/46\/46109\/","rel":"","context":"In &quot;Gesellschaft&quot;","block_context":{"text":"Gesellschaft","link":"https:\/\/www.minutenzeiger.de\/?cat=3"},"img":{"alt_text":"","src":"","width":0,"height":0},"classes":[]},{"id":100,"url":"https:\/\/www.minutenzeiger.de\/?p=100","url_meta":{"origin":216,"position":1},"title":"Die K\u00f6nigin der Folter","author":"Gonmag","date":"18. Januar 2015","format":false,"excerpt":"Die K\u00f6nigin der Folter - Telepolis \/tp\/artikel\/43\/43842\/","rel":"","context":"In &quot;Bielefeld&quot;","block_context":{"text":"Bielefeld","link":"https:\/\/www.minutenzeiger.de\/?cat=7"},"img":{"alt_text":"","src":"","width":0,"height":0},"classes":[]},{"id":310,"url":"https:\/\/www.minutenzeiger.de\/?p=310","url_meta":{"origin":216,"position":2},"title":"Donald Tusk, der osteurop\u00e4ische Irrglaube an die Marktwirtschaft\u2026","author":"Gonmag","date":"19. Juli 2015","format":false,"excerpt":"Donald Tusk, der osteurop\u00e4ische Irrglaube an die Marktwirtschaft\u2026 - Telepolis \/tp\/artikel\/45\/45476\/","rel":"","context":"In &quot;Gesellschaft&quot;","block_context":{"text":"Gesellschaft","link":"https:\/\/www.minutenzeiger.de\/?cat=3"},"img":{"alt_text":"","src":"","width":0,"height":0},"classes":[]},{"id":204,"url":"https:\/\/www.minutenzeiger.de\/?p=204","url_meta":{"origin":216,"position":3},"title":"Der Sturm bricht los!","author":"Gonmag","date":"5. Februar 2015","format":false,"excerpt":"Der Sturm bricht los! - Telepolis \/tp\/artikel\/44\/44052\/","rel":"","context":"In &quot;Gesellschaft&quot;","block_context":{"text":"Gesellschaft","link":"https:\/\/www.minutenzeiger.de\/?cat=3"},"img":{"alt_text":"","src":"","width":0,"height":0},"classes":[]},{"id":186,"url":"https:\/\/www.minutenzeiger.de\/?p=186","url_meta":{"origin":216,"position":4},"title":"Wo bleibt der gesunde Kunststoff?","author":"Gonmag","date":"2. Februar 2015","format":false,"excerpt":"Wo bleibt der gesunde Kunststoff? - Telepolis \/tp\/artikel\/44\/44028\/","rel":"","context":"In &quot;Gesellschaft&quot;","block_context":{"text":"Gesellschaft","link":"https:\/\/www.minutenzeiger.de\/?cat=3"},"img":{"alt_text":"","src":"","width":0,"height":0},"classes":[]},{"id":172,"url":"https:\/\/www.minutenzeiger.de\/?p=172","url_meta":{"origin":216,"position":5},"title":"Die neuen europ\u00e4ischen \u00dcberwachungsma\u00dfnahmen","author":"Gonmag","date":"30. Januar 2015","format":false,"excerpt":"Die neuen europ\u00e4ischen \u00dcberwachungsma\u00dfnahmen - Telepolis \/tp\/artikel\/44\/44013\/","rel":"","context":"In &quot;Gesellschaft&quot;","block_context":{"text":"Gesellschaft","link":"https:\/\/www.minutenzeiger.de\/?cat=3"},"img":{"alt_text":"","src":"","width":0,"height":0},"classes":[]}],"_links":{"self":[{"href":"https:\/\/www.minutenzeiger.de\/index.php?rest_route=\/wp\/v2\/posts\/216"}],"collection":[{"href":"https:\/\/www.minutenzeiger.de\/index.php?rest_route=\/wp\/v2\/posts"}],"about":[{"href":"https:\/\/www.minutenzeiger.de\/index.php?rest_route=\/wp\/v2\/types\/post"}],"author":[{"embeddable":true,"href":"https:\/\/www.minutenzeiger.de\/index.php?rest_route=\/wp\/v2\/users\/1"}],"replies":[{"embeddable":true,"href":"https:\/\/www.minutenzeiger.de\/index.php?rest_route=%2Fwp%2Fv2%2Fcomments&post=216"}],"version-history":[{"count":1,"href":"https:\/\/www.minutenzeiger.de\/index.php?rest_route=\/wp\/v2\/posts\/216\/revisions"}],"predecessor-version":[{"id":217,"href":"https:\/\/www.minutenzeiger.de\/index.php?rest_route=\/wp\/v2\/posts\/216\/revisions\/217"}],"wp:attachment":[{"href":"https:\/\/www.minutenzeiger.de\/index.php?rest_route=%2Fwp%2Fv2%2Fmedia&parent=216"}],"wp:term":[{"taxonomy":"category","embeddable":true,"href":"https:\/\/www.minutenzeiger.de\/index.php?rest_route=%2Fwp%2Fv2%2Fcategories&post=216"},{"taxonomy":"post_tag","embeddable":true,"href":"https:\/\/www.minutenzeiger.de\/index.php?rest_route=%2Fwp%2Fv2%2Ftags&post=216"}],"curies":[{"name":"wp","href":"https:\/\/api.w.org\/{rel}","templated":true}]}}