{"id":202,"date":"2015-02-05T21:50:15","date_gmt":"2015-02-05T20:50:15","guid":{"rendered":"http:\/\/www.minutenzeiger.de\/?p=202"},"modified":"2015-02-05T21:50:15","modified_gmt":"2015-02-05T20:50:15","slug":"ttip-us-frackinggas-und-die-sicherheitskonferenz","status":"publish","type":"post","link":"https:\/\/www.minutenzeiger.de\/?p=202","title":{"rendered":"TTIP, US-Frackinggas und die Sicherheitskonferenz"},"content":{"rendered":"<p>TTIP, US-Frackinggas und die Sicherheitskonferenz &#8211; Telepolis \/tp\/artikel\/44\/44055\/<\/p>\n","protected":false},"excerpt":{"rendered":"<p>TTIP, US-Frackinggas und die Sicherheitskonferenz &#8211; Telepolis \/tp\/artikel\/44\/44055\/<\/p>\n","protected":false},"author":1,"featured_media":0,"comment_status":"closed","ping_status":"open","sticky":false,"template":"","format":"standard","meta":{"jetpack_post_was_ever_published":false,"_jetpack_newsletter_access":"","_jetpack_newsletter_tier_id":0},"categories":[3,9],"tags":[],"jetpack_sharing_enabled":true,"jetpack_featured_media_url":"","jetpack_shortlink":"https:\/\/wp.me\/paAhe5-3g","jetpack-related-posts":[{"id":354,"url":"https:\/\/www.minutenzeiger.de\/?p=354","url_meta":{"origin":202,"position":0},"title":"TTIP, CETA: &#8222;Friss oder stirb&#8220;?","author":"Gonmag","date":"4. August 2015","format":false,"excerpt":"TTIP, CETA: \"Friss oder stirb\"? - Telepolis \/tp\/artikel\/45\/45613\/","rel":"","context":"In &quot;Gesellschaft&quot;","block_context":{"text":"Gesellschaft","link":"https:\/\/www.minutenzeiger.de\/?cat=3"},"img":{"alt_text":"","src":"","width":0,"height":0},"classes":[]},{"id":192,"url":"https:\/\/www.minutenzeiger.de\/?p=192","url_meta":{"origin":202,"position":1},"title":"Mit TTIP gegen den Rest der Welt","author":"Gonmag","date":"2. Februar 2015","format":false,"excerpt":"Mit TTIP gegen den Rest der Welt - Telepolis \/tp\/artikel\/43\/43991\/","rel":"","context":"In &quot;Politik&quot;","block_context":{"text":"Politik","link":"https:\/\/www.minutenzeiger.de\/?cat=9"},"img":{"alt_text":"","src":"","width":0,"height":0},"classes":[]},{"id":358,"url":"https:\/\/www.minutenzeiger.de\/?p=358","url_meta":{"origin":202,"position":2},"title":"TTIP: Freier Markt ohne G\u00e4ngelung durch das Parlament?","author":"Gonmag","date":"5. August 2015","format":false,"excerpt":"TTIP: Freier Markt ohne G\u00e4ngelung durch das Parlament? - Telepolis \/tp\/artikel\/45\/45632\/","rel":"","context":"In &quot;Gesellschaft&quot;","block_context":{"text":"Gesellschaft","link":"https:\/\/www.minutenzeiger.de\/?cat=3"},"img":{"alt_text":"","src":"","width":0,"height":0},"classes":[]},{"id":114,"url":"https:\/\/www.minutenzeiger.de\/?p=114","url_meta":{"origin":202,"position":3},"title":"TTIP: Ex-Verfassungsrichter h\u00e4lt Schiedsgerichte f\u00fcr rechtswidrig &#8211; SPIEGEL ONLINE","author":"Gonmag","date":"19. Januar 2015","format":false,"excerpt":"http:\/\/spon.de\/aepRh","rel":"","context":"In &quot;Gesellschaft&quot;","block_context":{"text":"Gesellschaft","link":"https:\/\/www.minutenzeiger.de\/?cat=3"},"img":{"alt_text":"","src":"","width":0,"height":0},"classes":[]},{"id":242,"url":"https:\/\/www.minutenzeiger.de\/?p=242","url_meta":{"origin":202,"position":4},"title":"Transatlantisches Freihandelsabkommen: Was Sie jetzt \u00fcber TTIP wissen m\u00fcssen &#8211; SPIEGEL ONLINE","author":"Gonmag","date":"19. April 2015","format":false,"excerpt":"http:\/\/spon.de\/aetXq","rel":"","context":"In &quot;Gesellschaft&quot;","block_context":{"text":"Gesellschaft","link":"https:\/\/www.minutenzeiger.de\/?cat=3"},"img":{"alt_text":"","src":"","width":0,"height":0},"classes":[]},{"id":635,"url":"https:\/\/www.minutenzeiger.de\/?p=635","url_meta":{"origin":202,"position":5},"title":"Klimaschutz: Die heimlichen Einfl\u00fcsterer der FDP \u2013 Kolumne","author":"Gonmag","date":"26. Juni 2023","format":false,"excerpt":"Die FDP versucht in der Ampel jedes relevante Klimaschutzgesetz zu torpedieren, mit erschreckendem Erfolg. Warum? Eine zentrale Rolle spielen radikale Ideologen \u2013 und ein libert\u00e4rer US-Milliard\u00e4r. Quelle: Klimaschutz: Die heimlichen Einfl\u00fcsterer der FDP \u2013 Kolumne","rel":"","context":"In &quot;Gesellschaft&quot;","block_context":{"text":"Gesellschaft","link":"https:\/\/www.minutenzeiger.de\/?cat=3"},"img":{"alt_text":"","src":"","width":0,"height":0},"classes":[]}],"_links":{"self":[{"href":"https:\/\/www.minutenzeiger.de\/index.php?rest_route=\/wp\/v2\/posts\/202"}],"collection":[{"href":"https:\/\/www.minutenzeiger.de\/index.php?rest_route=\/wp\/v2\/posts"}],"about":[{"href":"https:\/\/www.minutenzeiger.de\/index.php?rest_route=\/wp\/v2\/types\/post"}],"author":[{"embeddable":true,"href":"https:\/\/www.minutenzeiger.de\/index.php?rest_route=\/wp\/v2\/users\/1"}],"replies":[{"embeddable":true,"href":"https:\/\/www.minutenzeiger.de\/index.php?rest_route=%2Fwp%2Fv2%2Fcomments&post=202"}],"version-history":[{"count":1,"href":"https:\/\/www.minutenzeiger.de\/index.php?rest_route=\/wp\/v2\/posts\/202\/revisions"}],"predecessor-version":[{"id":203,"href":"https:\/\/www.minutenzeiger.de\/index.php?rest_route=\/wp\/v2\/posts\/202\/revisions\/203"}],"wp:attachment":[{"href":"https:\/\/www.minutenzeiger.de\/index.php?rest_route=%2Fwp%2Fv2%2Fmedia&parent=202"}],"wp:term":[{"taxonomy":"category","embeddable":true,"href":"https:\/\/www.minutenzeiger.de\/index.php?rest_route=%2Fwp%2Fv2%2Fcategories&post=202"},{"taxonomy":"post_tag","embeddable":true,"href":"https:\/\/www.minutenzeiger.de\/index.php?rest_route=%2Fwp%2Fv2%2Ftags&post=202"}],"curies":[{"name":"wp","href":"https:\/\/api.w.org\/{rel}","templated":true}]}}