{"id":176,"date":"2015-01-31T22:42:41","date_gmt":"2015-01-31T21:42:41","guid":{"rendered":"http:\/\/www.minutenzeiger.de\/?p=176"},"modified":"2015-01-31T22:42:41","modified_gmt":"2015-01-31T21:42:41","slug":"die-jagd-auf-tsipras-ist-eroeffnet","status":"publish","type":"post","link":"https:\/\/www.minutenzeiger.de\/?p=176","title":{"rendered":"Die Jagd auf Tsipras ist er\u00f6ffnet"},"content":{"rendered":"<p>Die Jagd auf Tsipras ist er\u00f6ffnet &#8211; Telepolis <a href=\"http:\/\/heise.de\/-2534414\">http:\/\/heise.de\/-2534414<\/a><\/p>\n","protected":false},"excerpt":{"rendered":"<p>Die Jagd auf Tsipras ist er\u00f6ffnet &#8211; Telepolis http:\/\/heise.de\/-2534414<\/p>\n","protected":false},"author":1,"featured_media":0,"comment_status":"closed","ping_status":"open","sticky":false,"template":"","format":"standard","meta":{"jetpack_post_was_ever_published":false,"_jetpack_newsletter_access":"","_jetpack_newsletter_tier_id":0},"categories":[3,9],"tags":[],"jetpack_sharing_enabled":true,"jetpack_featured_media_url":"","jetpack_shortlink":"https:\/\/wp.me\/paAhe5-2Q","jetpack-related-posts":[{"id":366,"url":"https:\/\/www.minutenzeiger.de\/?p=366","url_meta":{"origin":176,"position":0},"title":"&#8222;Griechenland ist ein Ort, wo der Kapitalismus die Demokratie bek\u00e4mpft&#8220;","author":"Gonmag","date":"12. August 2015","format":false,"excerpt":"\"Griechenland ist ein Ort, wo der Kapitalismus die Demokratie bek\u00e4mpft\" - Telepolis http:\/\/heise.de\/-2776725","rel":"","context":"In &quot;Gesellschaft&quot;","block_context":{"text":"Gesellschaft","link":"https:\/\/www.minutenzeiger.de\/?cat=3"},"img":{"alt_text":"","src":"","width":0,"height":0},"classes":[]},{"id":284,"url":"https:\/\/www.minutenzeiger.de\/?p=284","url_meta":{"origin":176,"position":1},"title":"Schont Tsipras die Reichen?","author":"Gonmag","date":"11. Juli 2015","format":false,"excerpt":"Schont Tsipras die Reichen? - Telepolis \/tp\/artikel\/45\/45413\/","rel":"","context":"In &quot;Gesellschaft&quot;","block_context":{"text":"Gesellschaft","link":"https:\/\/www.minutenzeiger.de\/?cat=3"},"img":{"alt_text":"","src":"","width":0,"height":0},"classes":[]},{"id":152,"url":"https:\/\/www.minutenzeiger.de\/?p=152","url_meta":{"origin":176,"position":2},"title":"Brandstifter Tsipras, weil er nicht bei den Armen sparen will","author":"Gonmag","date":"26. Januar 2015","format":false,"excerpt":"Brandstifter Tsipras, weil er nicht bei den Armen sparen will - Telepolis http:\/\/heise.de\/-2527944","rel":"","context":"In &quot;Medien&quot;","block_context":{"text":"Medien","link":"https:\/\/www.minutenzeiger.de\/?cat=8"},"img":{"alt_text":"","src":"","width":0,"height":0},"classes":[]},{"id":550,"url":"https:\/\/www.minutenzeiger.de\/?p=550","url_meta":{"origin":176,"position":3},"title":"Die Uni ist heute tot","author":"Gonmag","date":"19. Februar 2017","format":false,"excerpt":"Die Uni ist heute tot - Telepolis http:\/\/heise.de\/-3629533","rel":"","context":"In &quot;Gesellschaft&quot;","block_context":{"text":"Gesellschaft","link":"https:\/\/www.minutenzeiger.de\/?cat=3"},"img":{"alt_text":"","src":"","width":0,"height":0},"classes":[]},{"id":244,"url":"https:\/\/www.minutenzeiger.de\/?p=244","url_meta":{"origin":176,"position":4},"title":"Ist Demokratie mit dieser EU \u00fcberhaupt m\u00f6glich?","author":"Gonmag","date":"26. April 2015","format":false,"excerpt":"Ist Demokratie mit dieser EU \u00fcberhaupt m\u00f6glich? - Telepolis http:\/\/heise.de\/-2621230","rel":"","context":"In &quot;Gesellschaft&quot;","block_context":{"text":"Gesellschaft","link":"https:\/\/www.minutenzeiger.de\/?cat=3"},"img":{"alt_text":"","src":"","width":0,"height":0},"classes":[]},{"id":276,"url":"https:\/\/www.minutenzeiger.de\/?p=276","url_meta":{"origin":176,"position":5},"title":"Hartz IV und die Politik der Angst","author":"Gonmag","date":"9. Juli 2015","format":false,"excerpt":"Hartz IV und die Politik der Angst - Telepolis http:\/\/heise.de\/-2745209","rel":"","context":"In &quot;Gesellschaft&quot;","block_context":{"text":"Gesellschaft","link":"https:\/\/www.minutenzeiger.de\/?cat=3"},"img":{"alt_text":"","src":"","width":0,"height":0},"classes":[]}],"_links":{"self":[{"href":"https:\/\/www.minutenzeiger.de\/index.php?rest_route=\/wp\/v2\/posts\/176"}],"collection":[{"href":"https:\/\/www.minutenzeiger.de\/index.php?rest_route=\/wp\/v2\/posts"}],"about":[{"href":"https:\/\/www.minutenzeiger.de\/index.php?rest_route=\/wp\/v2\/types\/post"}],"author":[{"embeddable":true,"href":"https:\/\/www.minutenzeiger.de\/index.php?rest_route=\/wp\/v2\/users\/1"}],"replies":[{"embeddable":true,"href":"https:\/\/www.minutenzeiger.de\/index.php?rest_route=%2Fwp%2Fv2%2Fcomments&post=176"}],"version-history":[{"count":1,"href":"https:\/\/www.minutenzeiger.de\/index.php?rest_route=\/wp\/v2\/posts\/176\/revisions"}],"predecessor-version":[{"id":177,"href":"https:\/\/www.minutenzeiger.de\/index.php?rest_route=\/wp\/v2\/posts\/176\/revisions\/177"}],"wp:attachment":[{"href":"https:\/\/www.minutenzeiger.de\/index.php?rest_route=%2Fwp%2Fv2%2Fmedia&parent=176"}],"wp:term":[{"taxonomy":"category","embeddable":true,"href":"https:\/\/www.minutenzeiger.de\/index.php?rest_route=%2Fwp%2Fv2%2Fcategories&post=176"},{"taxonomy":"post_tag","embeddable":true,"href":"https:\/\/www.minutenzeiger.de\/index.php?rest_route=%2Fwp%2Fv2%2Ftags&post=176"}],"curies":[{"name":"wp","href":"https:\/\/api.w.org\/{rel}","templated":true}]}}