{"id":172,"date":"2015-01-30T21:40:40","date_gmt":"2015-01-30T20:40:40","guid":{"rendered":"http:\/\/www.minutenzeiger.de\/?p=172"},"modified":"2015-01-30T21:40:40","modified_gmt":"2015-01-30T20:40:40","slug":"die-neuen-europaeischen-ueberwachungsmassnahmen","status":"publish","type":"post","link":"https:\/\/www.minutenzeiger.de\/?p=172","title":{"rendered":"Die neuen europ\u00e4ischen \u00dcberwachungsma\u00dfnahmen"},"content":{"rendered":"<p>Die neuen europ\u00e4ischen \u00dcberwachungsma\u00dfnahmen &#8211; Telepolis \/tp\/artikel\/44\/44013\/<\/p>\n","protected":false},"excerpt":{"rendered":"<p>Die neuen europ\u00e4ischen \u00dcberwachungsma\u00dfnahmen &#8211; Telepolis \/tp\/artikel\/44\/44013\/<\/p>\n","protected":false},"author":1,"featured_media":0,"comment_status":"closed","ping_status":"open","sticky":false,"template":"","format":"standard","meta":{"jetpack_post_was_ever_published":false,"_jetpack_newsletter_access":"","_jetpack_newsletter_tier_id":0},"categories":[3,9,4],"tags":[],"jetpack_sharing_enabled":true,"jetpack_featured_media_url":"","jetpack_shortlink":"https:\/\/wp.me\/paAhe5-2M","jetpack-related-posts":[{"id":142,"url":"https:\/\/www.minutenzeiger.de\/?p=142","url_meta":{"origin":172,"position":0},"title":"\u2026 und schon rufen die Geld-Junkies nach neuen Geldspritzen","author":"Gonmag","date":"23. Januar 2015","format":false,"excerpt":"\u2026 und schon rufen die Geld-Junkies nach neuen Geldspritzen - Telepolis http:\/\/heise.de\/-2527453","rel":"","context":"In &quot;Gesellschaft&quot;","block_context":{"text":"Gesellschaft","link":"https:\/\/www.minutenzeiger.de\/?cat=3"},"img":{"alt_text":"","src":"","width":0,"height":0},"classes":[]},{"id":460,"url":"https:\/\/www.minutenzeiger.de\/?p=460","url_meta":{"origin":172,"position":1},"title":"Mit neuen Krankheiten wird ein neuer Markt geschaffen","author":"Gonmag","date":"6. Oktober 2015","format":false,"excerpt":"Mit neuen Krankheiten wird ein neuer Markt geschaffen - Telepolis \/tp\/artikel\/46\/46165\/","rel":"","context":"In &quot;Gesellschaft&quot;","block_context":{"text":"Gesellschaft","link":"https:\/\/www.minutenzeiger.de\/?cat=3"},"img":{"alt_text":"","src":"","width":0,"height":0},"classes":[]},{"id":74,"url":"https:\/\/www.minutenzeiger.de\/?p=74","url_meta":{"origin":172,"position":2},"title":"Die Ukraine auf dem Weg in die Barbarei","author":"Gonmag","date":"14. Januar 2015","format":false,"excerpt":"Die Ukraine auf dem Weg in die Barbarei - Telepolis \/tp\/artikel\/43\/43829\/","rel":"","context":"In &quot;Allgemein&quot;","block_context":{"text":"Allgemein","link":"https:\/\/www.minutenzeiger.de\/?cat=1"},"img":{"alt_text":"","src":"","width":0,"height":0},"classes":[]},{"id":484,"url":"https:\/\/www.minutenzeiger.de\/?p=484","url_meta":{"origin":172,"position":3},"title":"&#8222;Jede Wette, dass die Schuldenbremse die n\u00e4chste Krise nicht \u00fcberlebt&#8220;","author":"Gonmag","date":"29. Oktober 2015","format":false,"excerpt":"\"Jede Wette, dass die Schuldenbremse die n\u00e4chste Krise nicht \u00fcberlebt\" - Telepolis \/tp\/artikel\/46\/46249\/","rel":"","context":"In &quot;Gesellschaft&quot;","block_context":{"text":"Gesellschaft","link":"https:\/\/www.minutenzeiger.de\/?cat=3"},"img":{"alt_text":"","src":"","width":0,"height":0},"classes":[]},{"id":508,"url":"https:\/\/www.minutenzeiger.de\/?p=508","url_meta":{"origin":172,"position":4},"title":"Kommentar: Verbot der Netz-Anonymit\u00e4t legt die Axt an die Demokratie","author":"Gonmag","date":"6. Dezember 2015","format":false,"excerpt":"Kommentar: Verbot der Netz-Anonymit\u00e4t legt die Axt an die Demokratie - heise online http:\/\/heise.de\/-3032799","rel":"","context":"In &quot;Gesellschaft&quot;","block_context":{"text":"Gesellschaft","link":"https:\/\/www.minutenzeiger.de\/?cat=3"},"img":{"alt_text":"","src":"","width":0,"height":0},"classes":[]},{"id":795,"url":"https:\/\/www.minutenzeiger.de\/?p=795","url_meta":{"origin":172,"position":5},"title":"Emilia Fester kennt Otto von Bismarck &#8211; ZDFmediathek","author":"Gonmag","date":"18. Oktober 2023","format":false,"excerpt":"Sarah Bosetti fragt, was schlimmer ist: Abgeordnete, die schlecht in Geschichte sind, oder Abgeordnete, die sie kennen und trotzdem in die AfD eintreten. Quelle: Emilia Fester kennt Otto von Bismarck - ZDFmediathek","rel":"","context":"In &quot;Gesellschaft&quot;","block_context":{"text":"Gesellschaft","link":"https:\/\/www.minutenzeiger.de\/?cat=3"},"img":{"alt_text":"","src":"","width":0,"height":0},"classes":[]}],"_links":{"self":[{"href":"https:\/\/www.minutenzeiger.de\/index.php?rest_route=\/wp\/v2\/posts\/172"}],"collection":[{"href":"https:\/\/www.minutenzeiger.de\/index.php?rest_route=\/wp\/v2\/posts"}],"about":[{"href":"https:\/\/www.minutenzeiger.de\/index.php?rest_route=\/wp\/v2\/types\/post"}],"author":[{"embeddable":true,"href":"https:\/\/www.minutenzeiger.de\/index.php?rest_route=\/wp\/v2\/users\/1"}],"replies":[{"embeddable":true,"href":"https:\/\/www.minutenzeiger.de\/index.php?rest_route=%2Fwp%2Fv2%2Fcomments&post=172"}],"version-history":[{"count":1,"href":"https:\/\/www.minutenzeiger.de\/index.php?rest_route=\/wp\/v2\/posts\/172\/revisions"}],"predecessor-version":[{"id":173,"href":"https:\/\/www.minutenzeiger.de\/index.php?rest_route=\/wp\/v2\/posts\/172\/revisions\/173"}],"wp:attachment":[{"href":"https:\/\/www.minutenzeiger.de\/index.php?rest_route=%2Fwp%2Fv2%2Fmedia&parent=172"}],"wp:term":[{"taxonomy":"category","embeddable":true,"href":"https:\/\/www.minutenzeiger.de\/index.php?rest_route=%2Fwp%2Fv2%2Fcategories&post=172"},{"taxonomy":"post_tag","embeddable":true,"href":"https:\/\/www.minutenzeiger.de\/index.php?rest_route=%2Fwp%2Fv2%2Ftags&post=172"}],"curies":[{"name":"wp","href":"https:\/\/api.w.org\/{rel}","templated":true}]}}