{"id":164,"date":"2015-01-28T22:18:27","date_gmt":"2015-01-28T21:18:27","guid":{"rendered":"http:\/\/www.minutenzeiger.de\/?p=164"},"modified":"2015-01-28T22:18:27","modified_gmt":"2015-01-28T21:18:27","slug":"andrea-nahles-und-uber","status":"publish","type":"post","link":"https:\/\/www.minutenzeiger.de\/?p=164","title":{"rendered":"Andrea Nahles und Uber"},"content":{"rendered":"<p>Andrea Nahles und Uber &#8211; Telepolis <a href=\"http:\/\/heise.de\/-2530356\">http:\/\/heise.de\/-2530356<\/a><\/p>\n","protected":false},"excerpt":{"rendered":"<p>Andrea Nahles und Uber &#8211; Telepolis http:\/\/heise.de\/-2530356<\/p>\n","protected":false},"author":1,"featured_media":0,"comment_status":"closed","ping_status":"open","sticky":false,"template":"","format":"standard","meta":{"jetpack_post_was_ever_published":false,"_jetpack_newsletter_access":"","_jetpack_newsletter_tier_id":0},"categories":[3,9],"tags":[],"jetpack_sharing_enabled":true,"jetpack_featured_media_url":"","jetpack_shortlink":"https:\/\/wp.me\/paAhe5-2E","jetpack-related-posts":[{"id":276,"url":"https:\/\/www.minutenzeiger.de\/?p=276","url_meta":{"origin":164,"position":0},"title":"Hartz IV und die Politik der Angst","author":"Gonmag","date":"9. Juli 2015","format":false,"excerpt":"Hartz IV und die Politik der Angst - Telepolis http:\/\/heise.de\/-2745209","rel":"","context":"In &quot;Gesellschaft&quot;","block_context":{"text":"Gesellschaft","link":"https:\/\/www.minutenzeiger.de\/?cat=3"},"img":{"alt_text":"","src":"","width":0,"height":0},"classes":[]},{"id":548,"url":"https:\/\/www.minutenzeiger.de\/?p=548","url_meta":{"origin":164,"position":1},"title":"Trump und die Zukunft des Westens","author":"Gonmag","date":"17. Februar 2017","format":false,"excerpt":"Trump und die Zukunft des Westens - Telepolis http:\/\/heise.de\/-3614465","rel":"","context":"In &quot;Gesellschaft&quot;","block_context":{"text":"Gesellschaft","link":"https:\/\/www.minutenzeiger.de\/?cat=3"},"img":{"alt_text":"","src":"","width":0,"height":0},"classes":[]},{"id":558,"url":"https:\/\/www.minutenzeiger.de\/?p=558","url_meta":{"origin":164,"position":2},"title":"\u00dcber den Erfolg des rechten Populismus","author":"Gonmag","date":"25. Juni 2017","format":false,"excerpt":"\u00dcber den Erfolg des rechten Populismus - Telepolis https:\/\/heise.de\/-3735555","rel":"","context":"In &quot;Gesellschaft&quot;","block_context":{"text":"Gesellschaft","link":"https:\/\/www.minutenzeiger.de\/?cat=3"},"img":{"alt_text":"","src":"","width":0,"height":0},"classes":[]},{"id":142,"url":"https:\/\/www.minutenzeiger.de\/?p=142","url_meta":{"origin":164,"position":3},"title":"\u2026 und schon rufen die Geld-Junkies nach neuen Geldspritzen","author":"Gonmag","date":"23. Januar 2015","format":false,"excerpt":"\u2026 und schon rufen die Geld-Junkies nach neuen Geldspritzen - Telepolis http:\/\/heise.de\/-2527453","rel":"","context":"In &quot;Gesellschaft&quot;","block_context":{"text":"Gesellschaft","link":"https:\/\/www.minutenzeiger.de\/?cat=3"},"img":{"alt_text":"","src":"","width":0,"height":0},"classes":[]},{"id":540,"url":"https:\/\/www.minutenzeiger.de\/?p=540","url_meta":{"origin":164,"position":4},"title":"Und du sagst, mit meinem Gef\u00fchl stimmt etwas nicht?","author":"Gonmag","date":"20. Dezember 2016","format":false,"excerpt":"Und du sagst, mit meinem Gef\u00fchl stimmt etwas nicht? - Telepolis http:\/\/heise.de\/-3554808","rel":"","context":"In &quot;Gesellschaft&quot;","block_context":{"text":"Gesellschaft","link":"https:\/\/www.minutenzeiger.de\/?cat=3"},"img":{"alt_text":"","src":"","width":0,"height":0},"classes":[]},{"id":138,"url":"https:\/\/www.minutenzeiger.de\/?p=138","url_meta":{"origin":164,"position":5},"title":"Europ\u00e4ische Zentralbank verschie\u00dft letzte Patrone","author":"Gonmag","date":"22. Januar 2015","format":false,"excerpt":"Europ\u00e4ische Zentralbank verschie\u00dft letzte Patrone - Telepolis http:\/\/heise.de\/-2526297","rel":"","context":"In &quot;Gesellschaft&quot;","block_context":{"text":"Gesellschaft","link":"https:\/\/www.minutenzeiger.de\/?cat=3"},"img":{"alt_text":"","src":"","width":0,"height":0},"classes":[]}],"_links":{"self":[{"href":"https:\/\/www.minutenzeiger.de\/index.php?rest_route=\/wp\/v2\/posts\/164"}],"collection":[{"href":"https:\/\/www.minutenzeiger.de\/index.php?rest_route=\/wp\/v2\/posts"}],"about":[{"href":"https:\/\/www.minutenzeiger.de\/index.php?rest_route=\/wp\/v2\/types\/post"}],"author":[{"embeddable":true,"href":"https:\/\/www.minutenzeiger.de\/index.php?rest_route=\/wp\/v2\/users\/1"}],"replies":[{"embeddable":true,"href":"https:\/\/www.minutenzeiger.de\/index.php?rest_route=%2Fwp%2Fv2%2Fcomments&post=164"}],"version-history":[{"count":1,"href":"https:\/\/www.minutenzeiger.de\/index.php?rest_route=\/wp\/v2\/posts\/164\/revisions"}],"predecessor-version":[{"id":165,"href":"https:\/\/www.minutenzeiger.de\/index.php?rest_route=\/wp\/v2\/posts\/164\/revisions\/165"}],"wp:attachment":[{"href":"https:\/\/www.minutenzeiger.de\/index.php?rest_route=%2Fwp%2Fv2%2Fmedia&parent=164"}],"wp:term":[{"taxonomy":"category","embeddable":true,"href":"https:\/\/www.minutenzeiger.de\/index.php?rest_route=%2Fwp%2Fv2%2Fcategories&post=164"},{"taxonomy":"post_tag","embeddable":true,"href":"https:\/\/www.minutenzeiger.de\/index.php?rest_route=%2Fwp%2Fv2%2Ftags&post=164"}],"curies":[{"name":"wp","href":"https:\/\/api.w.org\/{rel}","templated":true}]}}