{"id":154,"date":"2015-01-26T00:06:05","date_gmt":"2015-01-25T23:06:05","guid":{"rendered":"http:\/\/www.minutenzeiger.de\/?p=154"},"modified":"2015-01-26T00:06:05","modified_gmt":"2015-01-25T23:06:05","slug":"vorlaeufige-anwendung-mit-voelkerrechtlichen-verpflichtungen","status":"publish","type":"post","link":"https:\/\/www.minutenzeiger.de\/?p=154","title":{"rendered":"&#8222;Vorl\u00e4ufige Anwendung&#8220; mit v\u00f6lkerrechtlichen Verpflichtungen"},"content":{"rendered":"<p>&#8222;Vorl\u00e4ufige Anwendung&#8220; mit v\u00f6lkerrechtlichen Verpflichtungen &#8211; Telepolis \/tp\/artikel\/43\/43954\/<\/p>\n","protected":false},"excerpt":{"rendered":"<p>&#8222;Vorl\u00e4ufige Anwendung&#8220; mit v\u00f6lkerrechtlichen Verpflichtungen &#8211; Telepolis \/tp\/artikel\/43\/43954\/<\/p>\n","protected":false},"author":1,"featured_media":0,"comment_status":"closed","ping_status":"open","sticky":false,"template":"","format":"standard","meta":{"jetpack_post_was_ever_published":false,"_jetpack_newsletter_access":"","_jetpack_newsletter_tier_id":0},"categories":[3,9],"tags":[],"jetpack_sharing_enabled":true,"jetpack_featured_media_url":"","jetpack_shortlink":"https:\/\/wp.me\/paAhe5-2u","jetpack-related-posts":[{"id":214,"url":"https:\/\/www.minutenzeiger.de\/?p=214","url_meta":{"origin":154,"position":0},"title":"Leben mit Entscheidungsmaschinen","author":"Gonmag","date":"9. Februar 2015","format":false,"excerpt":"Leben mit Entscheidungsmaschinen - Telepolis \/tp\/artikel\/44\/44051\/","rel":"","context":"In &quot;Gesellschaft&quot;","block_context":{"text":"Gesellschaft","link":"https:\/\/www.minutenzeiger.de\/?cat=3"},"img":{"alt_text":"","src":"","width":0,"height":0},"classes":[]},{"id":388,"url":"https:\/\/www.minutenzeiger.de\/?p=388","url_meta":{"origin":154,"position":1},"title":"Hass mit Hass bek\u00e4mpfen?","author":"Gonmag","date":"27. August 2015","format":false,"excerpt":"Hass mit Hass bek\u00e4mpfen? - Telepolis \/tp\/artikel\/45\/45822\/","rel":"","context":"In &quot;Gesellschaft&quot;","block_context":{"text":"Gesellschaft","link":"https:\/\/www.minutenzeiger.de\/?cat=3"},"img":{"alt_text":"","src":"","width":0,"height":0},"classes":[]},{"id":70,"url":"https:\/\/www.minutenzeiger.de\/?p=70","url_meta":{"origin":154,"position":2},"title":"Windkraft: Wohin mit all dem Strom?","author":"Gonmag","date":"14. Januar 2015","format":false,"excerpt":"Windkraft: Wohin mit all dem Strom? - Telepolis http:\/\/heise.de\/-2517752","rel":"","context":"In &quot;Gesellschaft&quot;","block_context":{"text":"Gesellschaft","link":"https:\/\/www.minutenzeiger.de\/?cat=3"},"img":{"alt_text":"","src":"","width":0,"height":0},"classes":[]},{"id":318,"url":"https:\/\/www.minutenzeiger.de\/?p=318","url_meta":{"origin":154,"position":3},"title":"Deutsche Bank: Gesch\u00e4fte mit dem Krieg","author":"Gonmag","date":"22. Juli 2015","format":false,"excerpt":"Deutsche Bank: Gesch\u00e4fte mit dem Krieg - Telepolis \/tp\/artikel\/45\/45506\/","rel":"","context":"In &quot;Gesellschaft&quot;","block_context":{"text":"Gesellschaft","link":"https:\/\/www.minutenzeiger.de\/?cat=3"},"img":{"alt_text":"","src":"","width":0,"height":0},"classes":[]},{"id":192,"url":"https:\/\/www.minutenzeiger.de\/?p=192","url_meta":{"origin":154,"position":4},"title":"Mit TTIP gegen den Rest der Welt","author":"Gonmag","date":"2. Februar 2015","format":false,"excerpt":"Mit TTIP gegen den Rest der Welt - Telepolis \/tp\/artikel\/43\/43991\/","rel":"","context":"In &quot;Politik&quot;","block_context":{"text":"Politik","link":"https:\/\/www.minutenzeiger.de\/?cat=9"},"img":{"alt_text":"","src":"","width":0,"height":0},"classes":[]},{"id":244,"url":"https:\/\/www.minutenzeiger.de\/?p=244","url_meta":{"origin":154,"position":5},"title":"Ist Demokratie mit dieser EU \u00fcberhaupt m\u00f6glich?","author":"Gonmag","date":"26. April 2015","format":false,"excerpt":"Ist Demokratie mit dieser EU \u00fcberhaupt m\u00f6glich? - Telepolis http:\/\/heise.de\/-2621230","rel":"","context":"In &quot;Gesellschaft&quot;","block_context":{"text":"Gesellschaft","link":"https:\/\/www.minutenzeiger.de\/?cat=3"},"img":{"alt_text":"","src":"","width":0,"height":0},"classes":[]}],"_links":{"self":[{"href":"https:\/\/www.minutenzeiger.de\/index.php?rest_route=\/wp\/v2\/posts\/154"}],"collection":[{"href":"https:\/\/www.minutenzeiger.de\/index.php?rest_route=\/wp\/v2\/posts"}],"about":[{"href":"https:\/\/www.minutenzeiger.de\/index.php?rest_route=\/wp\/v2\/types\/post"}],"author":[{"embeddable":true,"href":"https:\/\/www.minutenzeiger.de\/index.php?rest_route=\/wp\/v2\/users\/1"}],"replies":[{"embeddable":true,"href":"https:\/\/www.minutenzeiger.de\/index.php?rest_route=%2Fwp%2Fv2%2Fcomments&post=154"}],"version-history":[{"count":1,"href":"https:\/\/www.minutenzeiger.de\/index.php?rest_route=\/wp\/v2\/posts\/154\/revisions"}],"predecessor-version":[{"id":155,"href":"https:\/\/www.minutenzeiger.de\/index.php?rest_route=\/wp\/v2\/posts\/154\/revisions\/155"}],"wp:attachment":[{"href":"https:\/\/www.minutenzeiger.de\/index.php?rest_route=%2Fwp%2Fv2%2Fmedia&parent=154"}],"wp:term":[{"taxonomy":"category","embeddable":true,"href":"https:\/\/www.minutenzeiger.de\/index.php?rest_route=%2Fwp%2Fv2%2Fcategories&post=154"},{"taxonomy":"post_tag","embeddable":true,"href":"https:\/\/www.minutenzeiger.de\/index.php?rest_route=%2Fwp%2Fv2%2Ftags&post=154"}],"curies":[{"name":"wp","href":"https:\/\/api.w.org\/{rel}","templated":true}]}}