{"id":152,"date":"2015-01-26T00:04:24","date_gmt":"2015-01-25T23:04:24","guid":{"rendered":"http:\/\/www.minutenzeiger.de\/?p=152"},"modified":"2015-01-26T00:04:24","modified_gmt":"2015-01-25T23:04:24","slug":"brandstifter-tsipras-weil-er-nicht-bei-den-armen-sparen-will","status":"publish","type":"post","link":"https:\/\/www.minutenzeiger.de\/?p=152","title":{"rendered":"Brandstifter Tsipras, weil er nicht bei den Armen sparen will"},"content":{"rendered":"<p>Brandstifter Tsipras, weil er nicht bei den Armen sparen will &#8211; Telepolis <a href=\"http:\/\/heise.de\/-2527944\">http:\/\/heise.de\/-2527944<\/a><\/p>\n","protected":false},"excerpt":{"rendered":"<p>Brandstifter Tsipras, weil er nicht bei den Armen sparen will &#8211; Telepolis http:\/\/heise.de\/-2527944<\/p>\n","protected":false},"author":1,"featured_media":0,"comment_status":"closed","ping_status":"open","sticky":false,"template":"","format":"standard","meta":{"jetpack_post_was_ever_published":false,"_jetpack_newsletter_access":"","_jetpack_newsletter_tier_id":0},"categories":[8,9],"tags":[],"jetpack_sharing_enabled":true,"jetpack_featured_media_url":"","jetpack_shortlink":"https:\/\/wp.me\/paAhe5-2s","jetpack-related-posts":[{"id":378,"url":"https:\/\/www.minutenzeiger.de\/?p=378","url_meta":{"origin":152,"position":0},"title":"Tsipras und die Linken","author":"Gonmag","date":"18. August 2015","format":false,"excerpt":"Tsipras und die Linken - Telepolis \/tp\/artikel\/45\/45723\/","rel":"","context":"In &quot;Politik&quot;","block_context":{"text":"Politik","link":"https:\/\/www.minutenzeiger.de\/?cat=9"},"img":{"alt_text":"","src":"","width":0,"height":0},"classes":[]},{"id":284,"url":"https:\/\/www.minutenzeiger.de\/?p=284","url_meta":{"origin":152,"position":1},"title":"Schont Tsipras die Reichen?","author":"Gonmag","date":"11. Juli 2015","format":false,"excerpt":"Schont Tsipras die Reichen? - Telepolis \/tp\/artikel\/45\/45413\/","rel":"","context":"In &quot;Gesellschaft&quot;","block_context":{"text":"Gesellschaft","link":"https:\/\/www.minutenzeiger.de\/?cat=3"},"img":{"alt_text":"","src":"","width":0,"height":0},"classes":[]},{"id":176,"url":"https:\/\/www.minutenzeiger.de\/?p=176","url_meta":{"origin":152,"position":2},"title":"Die Jagd auf Tsipras ist er\u00f6ffnet","author":"Gonmag","date":"31. Januar 2015","format":false,"excerpt":"Die Jagd auf Tsipras ist er\u00f6ffnet - Telepolis http:\/\/heise.de\/-2534414","rel":"","context":"In &quot;Gesellschaft&quot;","block_context":{"text":"Gesellschaft","link":"https:\/\/www.minutenzeiger.de\/?cat=3"},"img":{"alt_text":"","src":"","width":0,"height":0},"classes":[]},{"id":920,"url":"https:\/\/www.minutenzeiger.de\/?p=920","url_meta":{"origin":152,"position":3},"title":"Wie ein Architekt aus M\u00fcnchen den Holzbau voranbringen will | taz.de","author":"Gonmag","date":"15. Dezember 2025","format":false,"excerpt":"Sein Fach k\u00fcmmere sich nicht genug darum, ob ihre Ideen auch funktionieren, \u00e4rgert sich ein M\u00fcnchner Architekt. Also organisiert er ein Experiment. Quelle: Wie ein Architekt aus M\u00fcnchen den Holzbau voranbringen will | taz.de","rel":"","context":"In &quot;Gesellschaft&quot;","block_context":{"text":"Gesellschaft","link":"https:\/\/www.minutenzeiger.de\/?cat=3"},"img":{"alt_text":"","src":"","width":0,"height":0},"classes":[]},{"id":680,"url":"https:\/\/www.minutenzeiger.de\/?p=680","url_meta":{"origin":152,"position":4},"title":"Reddit: Chathistorien von vor 2023 bei Datenumzug verloren gegangen","author":"Gonmag","date":"17. Juli 2023","format":false,"excerpt":"Einen Umzug auf eine neue Infrastruktur konnten bei Reddit nur Chatnachrichten aus diesem Jahr mitmachen \u2013 der Rest ist weg. Gro\u00df angek\u00fcndigt wurde das nicht. Quelle: Reddit: Chathistorien von vor 2023 bei Datenumzug verloren gegangen","rel":"","context":"In &quot;IT&quot;","block_context":{"text":"IT","link":"https:\/\/www.minutenzeiger.de\/?cat=11"},"img":{"alt_text":"","src":"","width":0,"height":0},"classes":[]},{"id":770,"url":"https:\/\/www.minutenzeiger.de\/?p=770","url_meta":{"origin":152,"position":5},"title":"KI: Warum wir gro\u00dfe Sprachmodelle nicht wie Menschen behandeln sollten | heise online","author":"Gonmag","date":"7. September 2023","format":false,"excerpt":"Angesichts der Bef\u00fcrchtungen, die mit KI einhergehen, wird es Zeit, sich zu verst\u00e4ndigen, was sie wirklich leisten kann. Das beginnt schon bei Testverfahren. Quelle: KI: Warum wir gro\u00dfe Sprachmodelle nicht wie Menschen behandeln sollten | heise online","rel":"","context":"In &quot;AI\/KI&quot;","block_context":{"text":"AI\/KI","link":"https:\/\/www.minutenzeiger.de\/?cat=16"},"img":{"alt_text":"","src":"","width":0,"height":0},"classes":[]}],"_links":{"self":[{"href":"https:\/\/www.minutenzeiger.de\/index.php?rest_route=\/wp\/v2\/posts\/152"}],"collection":[{"href":"https:\/\/www.minutenzeiger.de\/index.php?rest_route=\/wp\/v2\/posts"}],"about":[{"href":"https:\/\/www.minutenzeiger.de\/index.php?rest_route=\/wp\/v2\/types\/post"}],"author":[{"embeddable":true,"href":"https:\/\/www.minutenzeiger.de\/index.php?rest_route=\/wp\/v2\/users\/1"}],"replies":[{"embeddable":true,"href":"https:\/\/www.minutenzeiger.de\/index.php?rest_route=%2Fwp%2Fv2%2Fcomments&post=152"}],"version-history":[{"count":1,"href":"https:\/\/www.minutenzeiger.de\/index.php?rest_route=\/wp\/v2\/posts\/152\/revisions"}],"predecessor-version":[{"id":153,"href":"https:\/\/www.minutenzeiger.de\/index.php?rest_route=\/wp\/v2\/posts\/152\/revisions\/153"}],"wp:attachment":[{"href":"https:\/\/www.minutenzeiger.de\/index.php?rest_route=%2Fwp%2Fv2%2Fmedia&parent=152"}],"wp:term":[{"taxonomy":"category","embeddable":true,"href":"https:\/\/www.minutenzeiger.de\/index.php?rest_route=%2Fwp%2Fv2%2Fcategories&post=152"},{"taxonomy":"post_tag","embeddable":true,"href":"https:\/\/www.minutenzeiger.de\/index.php?rest_route=%2Fwp%2Fv2%2Ftags&post=152"}],"curies":[{"name":"wp","href":"https:\/\/api.w.org\/{rel}","templated":true}]}}