{"id":146,"date":"2015-01-24T08:37:00","date_gmt":"2015-01-24T07:37:00","guid":{"rendered":"http:\/\/www.minutenzeiger.de\/?p=146"},"modified":"2015-01-24T05:38:28","modified_gmt":"2015-01-24T04:38:28","slug":"menschenrechte-zaehlen-nur-in-laendern-in-denen-es-nichts-zu-holen-gibt-news-gulli-com","status":"publish","type":"post","link":"https:\/\/www.minutenzeiger.de\/?p=146","title":{"rendered":"Menschenrechte z\u00e4hlen nur in L\u00e4ndern, in denen es nichts zu holen gibt &#8211; News &#8211; gulli.com"},"content":{"rendered":"<p><a href=\"http:\/\/www.gulli.com\/news\/25522-menschenrechte-zaehlen-nur-in-laendern-in-denen-es-nichts-zu-holen-gibt-2015-01-23\">http:\/\/www.gulli.com\/news\/25522-menschenrechte-zaehlen-nur-in-laendern-in-denen-es-nichts-zu-holen-gibt-2015-01-23<\/a><\/p>\n","protected":false},"excerpt":{"rendered":"<p>http:\/\/www.gulli.com\/news\/25522-menschenrechte-zaehlen-nur-in-laendern-in-denen-es-nichts-zu-holen-gibt-2015-01-23<\/p>\n","protected":false},"author":1,"featured_media":0,"comment_status":"closed","ping_status":"open","sticky":false,"template":"","format":"standard","meta":{"jetpack_post_was_ever_published":false,"_jetpack_newsletter_access":"","_jetpack_newsletter_tier_id":0},"categories":[9],"tags":[],"jetpack_sharing_enabled":true,"jetpack_featured_media_url":"","jetpack_shortlink":"https:\/\/wp.me\/paAhe5-2m","jetpack-related-posts":[{"id":939,"url":"https:\/\/www.minutenzeiger.de\/?p=939","url_meta":{"origin":146,"position":0},"title":"Machen uns KI-Chatbots d\u00fcmmer? Die Gefahr ist da, aber es gibt eine Gegenstrategie | taz.de","author":"Gonmag","date":"24. M\u00e4rz 2026","format":false,"excerpt":"Wird d\u00fcmmer, wer KI-Chatbots verwendet? Nicht unbedingt, sagt der Forscher Michael Gerlich. Zwar sei die Gefahr da \u2013 aber es gibt eine Gegenstrategie. Quelle: Machen uns KI-Chatbots d\u00fcmmer? Die Gefahr ist da, aber es gibt eine Gegenstrategie | taz.de","rel":"","context":"In &quot;AI\/KI&quot;","block_context":{"text":"AI\/KI","link":"https:\/\/www.minutenzeiger.de\/?cat=16"},"img":{"alt_text":"","src":"","width":0,"height":0},"classes":[]},{"id":514,"url":"https:\/\/www.minutenzeiger.de\/?p=514","url_meta":{"origin":146,"position":1},"title":"&#8222;Nichts, wor\u00fcber Menschen entscheiden, ist unvermeidlich&#8220;","author":"Gonmag","date":"6. Dezember 2015","format":false,"excerpt":"\"Nichts, wor\u00fcber Menschen entscheiden, ist unvermeidlich\" - Telepolis \/tp\/artikel\/46\/46735\/1.html","rel":"","context":"In &quot;Gesellschaft&quot;","block_context":{"text":"Gesellschaft","link":"https:\/\/www.minutenzeiger.de\/?cat=3"},"img":{"alt_text":"","src":"","width":0,"height":0},"classes":[]},{"id":785,"url":"https:\/\/www.minutenzeiger.de\/?p=785","url_meta":{"origin":146,"position":2},"title":"Verb\u00e4nde kritisieren K\u00fcrzungen: &#8222;Dann gibt es kein soziales Netz mehr&#8220;","author":"Gonmag","date":"14. Oktober 2023","format":false,"excerpt":"Caritas und Diakonie schlagen Alarm: Der Bund will weniger Geld f\u00fcr Kinder- und Jugendhilfe, Migrations- und Schuldnerberatung ausgeben. Die Sozialverb\u00e4nde bef\u00fcrchten Risse im sozialen Netz. Von Eckhart Querner. Quelle: Verb\u00e4nde kritisieren K\u00fcrzungen: \"Dann gibt es kein soziales Netz mehr\"","rel":"","context":"In &quot;Gesellschaft&quot;","block_context":{"text":"Gesellschaft","link":"https:\/\/www.minutenzeiger.de\/?cat=3"},"img":{"alt_text":"","src":"","width":0,"height":0},"classes":[]},{"id":368,"url":"https:\/\/www.minutenzeiger.de\/?p=368","url_meta":{"origin":146,"position":3},"title":"NSA-Skandal: USA hatten nichts gegen Herausgabe der NSA-Selektorenliste","author":"Gonmag","date":"12. August 2015","format":false,"excerpt":"NSA-Skandal: USA hatten nichts gegen Herausgabe der NSA-Selektorenliste - heise online http:\/\/heise.de\/-2777248","rel":"","context":"In &quot;IT&quot;","block_context":{"text":"IT","link":"https:\/\/www.minutenzeiger.de\/?cat=11"},"img":{"alt_text":"","src":"","width":0,"height":0},"classes":[]},{"id":813,"url":"https:\/\/www.minutenzeiger.de\/?p=813","url_meta":{"origin":146,"position":4},"title":"Darm-Hirn-Achse: Wie der Darm unsere Psyche beeinflusst","author":"Gonmag","date":"24. Dezember 2023","format":false,"excerpt":"Um zu kommunizieren, ist der Darm mit dem Gehirn verbunden. Forscher finden immer mehr heraus, wie weitreichend diese Verbindung ist. Nicht nur steht sie im Zusammenhang mit Krankheiten, sie k\u00f6nnte auch die Basis neuer Therapien sein. Von Melina Runde. Quelle: Darm-Hirn-Achse: Wie der Darm unsere Psyche beeinflusst","rel":"","context":"In &quot;Ern\u00e4hrung&quot;","block_context":{"text":"Ern\u00e4hrung","link":"https:\/\/www.minutenzeiger.de\/?cat=13"},"img":{"alt_text":"","src":"","width":0,"height":0},"classes":[]},{"id":452,"url":"https:\/\/www.minutenzeiger.de\/?p=452","url_meta":{"origin":146,"position":5},"title":"Filesharing: Nur 2,04 \u20ac f\u00fcr Erotikfilm","author":"Gonmag","date":"30. September 2015","format":false,"excerpt":"Filesharing: Nur 2,04 \u20ac f\u00fcr Erotikfilm - Telepolis http:\/\/heise.de\/-2834405","rel":"","context":"In &quot;Gesellschaft&quot;","block_context":{"text":"Gesellschaft","link":"https:\/\/www.minutenzeiger.de\/?cat=3"},"img":{"alt_text":"","src":"","width":0,"height":0},"classes":[]}],"_links":{"self":[{"href":"https:\/\/www.minutenzeiger.de\/index.php?rest_route=\/wp\/v2\/posts\/146"}],"collection":[{"href":"https:\/\/www.minutenzeiger.de\/index.php?rest_route=\/wp\/v2\/posts"}],"about":[{"href":"https:\/\/www.minutenzeiger.de\/index.php?rest_route=\/wp\/v2\/types\/post"}],"author":[{"embeddable":true,"href":"https:\/\/www.minutenzeiger.de\/index.php?rest_route=\/wp\/v2\/users\/1"}],"replies":[{"embeddable":true,"href":"https:\/\/www.minutenzeiger.de\/index.php?rest_route=%2Fwp%2Fv2%2Fcomments&post=146"}],"version-history":[{"count":1,"href":"https:\/\/www.minutenzeiger.de\/index.php?rest_route=\/wp\/v2\/posts\/146\/revisions"}],"predecessor-version":[{"id":147,"href":"https:\/\/www.minutenzeiger.de\/index.php?rest_route=\/wp\/v2\/posts\/146\/revisions\/147"}],"wp:attachment":[{"href":"https:\/\/www.minutenzeiger.de\/index.php?rest_route=%2Fwp%2Fv2%2Fmedia&parent=146"}],"wp:term":[{"taxonomy":"category","embeddable":true,"href":"https:\/\/www.minutenzeiger.de\/index.php?rest_route=%2Fwp%2Fv2%2Fcategories&post=146"},{"taxonomy":"post_tag","embeddable":true,"href":"https:\/\/www.minutenzeiger.de\/index.php?rest_route=%2Fwp%2Fv2%2Ftags&post=146"}],"curies":[{"name":"wp","href":"https:\/\/api.w.org\/{rel}","templated":true}]}}