{"id":124,"date":"2015-01-19T22:02:46","date_gmt":"2015-01-19T21:02:46","guid":{"rendered":"http:\/\/www.minutenzeiger.de\/?p=124"},"modified":"2015-01-19T22:02:46","modified_gmt":"2015-01-19T21:02:46","slug":"zweifel-am-versammlungsverbot-in-dresden","status":"publish","type":"post","link":"https:\/\/www.minutenzeiger.de\/?p=124","title":{"rendered":"Zweifel am Versammlungsverbot in Dresden"},"content":{"rendered":"<p>Zweifel am Versammlungsverbot in Dresden &#8211; Telepolis \/tp\/artikel\/43\/43894\/<\/p>\n","protected":false},"excerpt":{"rendered":"<p>Zweifel am Versammlungsverbot in Dresden &#8211; Telepolis \/tp\/artikel\/43\/43894\/<\/p>\n","protected":false},"author":1,"featured_media":0,"comment_status":"closed","ping_status":"open","sticky":false,"template":"","format":"standard","meta":{"jetpack_post_was_ever_published":false,"_jetpack_newsletter_access":"","_jetpack_newsletter_tier_id":0},"categories":[3,8,9,6],"tags":[],"jetpack_sharing_enabled":true,"jetpack_featured_media_url":"","jetpack_shortlink":"https:\/\/wp.me\/paAhe5-20","jetpack-related-posts":[{"id":86,"url":"https:\/\/www.minutenzeiger.de\/?p=86","url_meta":{"origin":124,"position":0},"title":"EU-Kommissionspr\u00e4sident Juncker am Abgrund","author":"Gonmag","date":"16. Januar 2015","format":false,"excerpt":"EU-Kommissionspr\u00e4sident Juncker am Abgrund - Telepolis http:\/\/heise.de\/-2518854","rel":"","context":"In &quot;Gesellschaft&quot;","block_context":{"text":"Gesellschaft","link":"https:\/\/www.minutenzeiger.de\/?cat=3"},"img":{"alt_text":"","src":"","width":0,"height":0},"classes":[]},{"id":807,"url":"https:\/\/www.minutenzeiger.de\/?p=807","url_meta":{"origin":124,"position":1},"title":"\u00c4ltere am Steuer: Wie h\u00e4ufig verursachen Senioren Unf\u00e4lle im Stra\u00dfenverkehr?","author":"Gonmag","date":"5. Dezember 2023","format":false,"excerpt":"Die Europ\u00e4ische Kommission hat vorgeschlagen, die Fahrtauglichkeit \u00e4lterer Autofahrer regelm\u00e4\u00dfig zu \u00fcberpr\u00fcfen. Was sagt die Statistik \u00fcber das Risiko von Seniorinnen und Senioren hinter dem Lenkrad? Quelle: \u00c4ltere am Steuer: Wie h\u00e4ufig verursachen Senioren Unf\u00e4lle im Stra\u00dfenverkehr?","rel":"","context":"In &quot;Gesellschaft&quot;","block_context":{"text":"Gesellschaft","link":"https:\/\/www.minutenzeiger.de\/?cat=3"},"img":{"alt_text":"","src":"","width":0,"height":0},"classes":[]},{"id":266,"url":"https:\/\/www.minutenzeiger.de\/?p=266","url_meta":{"origin":124,"position":2},"title":"Kampf gegen Einsamkeit: Was am Ende z\u00e4hlt &#8211; SPIEGEL ONLINE","author":"Gonmag","date":"4. Juli 2015","format":false,"excerpt":"http:\/\/spon.de\/aexbN","rel":"","context":"In &quot;Gesellschaft&quot;","block_context":{"text":"Gesellschaft","link":"https:\/\/www.minutenzeiger.de\/?cat=3"},"img":{"alt_text":"","src":"","width":0,"height":0},"classes":[]},{"id":534,"url":"https:\/\/www.minutenzeiger.de\/?p=534","url_meta":{"origin":124,"position":3},"title":"\u00dcberwachungstechnik in Extremistenhand: Nazis am Abzug &#8211; SPIEGEL ONLINE","author":"Gonmag","date":"27. Mai 2016","format":false,"excerpt":"http:\/\/spon.de\/aeKMj","rel":"","context":"In &quot;Gesellschaft&quot;","block_context":{"text":"Gesellschaft","link":"https:\/\/www.minutenzeiger.de\/?cat=3"},"img":{"alt_text":"","src":"","width":0,"height":0},"classes":[]},{"id":858,"url":"https:\/\/www.minutenzeiger.de\/?p=858","url_meta":{"origin":124,"position":4},"title":"Kann man Transformation lernen?: Im Klassenzimmer der Zukunft","author":"Gonmag","date":"28. August 2024","format":false,"excerpt":"Der Lehrer Philip Elsen baut mit seinen Sch\u00fcler*innen das erste Klassenzimmer nach Kriterien der Kreislaufwirtschaft \u2013 Besuch im Raum R.55 am Berliner Beethoven-Gymnasium. Quelle: Kann man Transformation lernen?: Im Klassenzimmer der Zukunft","rel":"","context":"In &quot;Bildung&quot;","block_context":{"text":"Bildung","link":"https:\/\/www.minutenzeiger.de\/?cat=21"},"img":{"alt_text":"","src":"","width":0,"height":0},"classes":[]},{"id":844,"url":"https:\/\/www.minutenzeiger.de\/?p=844","url_meta":{"origin":124,"position":5},"title":"Petition an den Bundestag f\u00fcr ein Recht auf Leben ohne Digitalzwang","author":"Gonmag","date":"23. Mai 2024","format":false,"excerpt":"Am Tag des 75. Jubil\u00e4ums des Grundgesetzes hat Digitalcourage eine Petition an den Bundestag aufgelegt, das Recht auf ein Leben ohne Digitalzwang zu verankern. Quelle: Petition an den Bundestag f\u00fcr ein Recht auf Leben ohne Digitalzwang","rel":"","context":"In &quot;Gesellschaft&quot;","block_context":{"text":"Gesellschaft","link":"https:\/\/www.minutenzeiger.de\/?cat=3"},"img":{"alt_text":"","src":"","width":0,"height":0},"classes":[]}],"_links":{"self":[{"href":"https:\/\/www.minutenzeiger.de\/index.php?rest_route=\/wp\/v2\/posts\/124"}],"collection":[{"href":"https:\/\/www.minutenzeiger.de\/index.php?rest_route=\/wp\/v2\/posts"}],"about":[{"href":"https:\/\/www.minutenzeiger.de\/index.php?rest_route=\/wp\/v2\/types\/post"}],"author":[{"embeddable":true,"href":"https:\/\/www.minutenzeiger.de\/index.php?rest_route=\/wp\/v2\/users\/1"}],"replies":[{"embeddable":true,"href":"https:\/\/www.minutenzeiger.de\/index.php?rest_route=%2Fwp%2Fv2%2Fcomments&post=124"}],"version-history":[{"count":1,"href":"https:\/\/www.minutenzeiger.de\/index.php?rest_route=\/wp\/v2\/posts\/124\/revisions"}],"predecessor-version":[{"id":125,"href":"https:\/\/www.minutenzeiger.de\/index.php?rest_route=\/wp\/v2\/posts\/124\/revisions\/125"}],"wp:attachment":[{"href":"https:\/\/www.minutenzeiger.de\/index.php?rest_route=%2Fwp%2Fv2%2Fmedia&parent=124"}],"wp:term":[{"taxonomy":"category","embeddable":true,"href":"https:\/\/www.minutenzeiger.de\/index.php?rest_route=%2Fwp%2Fv2%2Fcategories&post=124"},{"taxonomy":"post_tag","embeddable":true,"href":"https:\/\/www.minutenzeiger.de\/index.php?rest_route=%2Fwp%2Fv2%2Ftags&post=124"}],"curies":[{"name":"wp","href":"https:\/\/api.w.org\/{rel}","templated":true}]}}