{"id":120,"date":"2015-01-19T21:57:21","date_gmt":"2015-01-19T20:57:21","guid":{"rendered":"http:\/\/www.minutenzeiger.de\/?p=120"},"modified":"2015-01-19T21:57:21","modified_gmt":"2015-01-19T20:57:21","slug":"homeless-oder-beauty-im-digitalen","status":"publish","type":"post","link":"https:\/\/www.minutenzeiger.de\/?p=120","title":{"rendered":"Homeless oder Beauty im Digitalen"},"content":{"rendered":"<p>Homeless oder Beauty im Digitalen &#8211; Telepolis <a href=\"http:\/\/heise.de\/-2518056\">http:\/\/heise.de\/-2518056<\/a><\/p>\n","protected":false},"excerpt":{"rendered":"<p>Homeless oder Beauty im Digitalen &#8211; Telepolis http:\/\/heise.de\/-2518056<\/p>\n","protected":false},"author":1,"featured_media":0,"comment_status":"closed","ping_status":"open","sticky":false,"template":"","format":"standard","meta":{"jetpack_post_was_ever_published":false,"_jetpack_newsletter_access":"","_jetpack_newsletter_tier_id":0},"categories":[3],"tags":[],"jetpack_sharing_enabled":true,"jetpack_featured_media_url":"","jetpack_shortlink":"https:\/\/wp.me\/paAhe5-1W","jetpack-related-posts":[{"id":404,"url":"https:\/\/www.minutenzeiger.de\/?p=404","url_meta":{"origin":120,"position":0},"title":"Anthony Giddens: Nutzen wir die Chancen des digitalen Zeitalters","author":"Gonmag","date":"5. September 2015","format":false,"excerpt":"Anthony Giddens: Nutzen wir die Chancen des digitalen Zeitalters - heise online http:\/\/heise.de\/-2806110","rel":"","context":"In &quot;Gesellschaft&quot;","block_context":{"text":"Gesellschaft","link":"https:\/\/www.minutenzeiger.de\/?cat=3"},"img":{"alt_text":"","src":"","width":0,"height":0},"classes":[]},{"id":522,"url":"https:\/\/www.minutenzeiger.de\/?p=522","url_meta":{"origin":120,"position":1},"title":"Leben in digitalen Parallelgesellschaften","author":"Gonmag","date":"22. Februar 2016","format":false,"excerpt":"Leben in digitalen Parallelgesellschaften - Telepolis http:\/\/www.heise.de\/tp\/artikel\/47\/47477\/1.html","rel":"","context":"In &quot;Gesellschaft&quot;","block_context":{"text":"Gesellschaft","link":"https:\/\/www.minutenzeiger.de\/?cat=3"},"img":{"alt_text":"","src":"","width":0,"height":0},"classes":[]},{"id":376,"url":"https:\/\/www.minutenzeiger.de\/?p=376","url_meta":{"origin":120,"position":2},"title":"Bundesregierung im Griechenland-Dilemma","author":"Gonmag","date":"14. August 2015","format":false,"excerpt":"Bundesregierung im Griechenland-Dilemma - Telepolis http:\/\/heise.de\/-2779293","rel":"","context":"In &quot;Medien&quot;","block_context":{"text":"Medien","link":"https:\/\/www.minutenzeiger.de\/?cat=8"},"img":{"alt_text":"","src":"","width":0,"height":0},"classes":[]},{"id":46,"url":"https:\/\/www.minutenzeiger.de\/?p=46","url_meta":{"origin":120,"position":3},"title":"J&#8217;ai \u00e9t\u00e9 dup\u00e9","author":"Gonmag","date":"10. Januar 2015","format":false,"excerpt":"J'ai \u00e9t\u00e9 dup\u00e9 - Telepolis http:\/\/heise.de\/-2515504","rel":"","context":"In &quot;Gesellschaft&quot;","block_context":{"text":"Gesellschaft","link":"https:\/\/www.minutenzeiger.de\/?cat=3"},"img":{"alt_text":"","src":"","width":0,"height":0},"classes":[]},{"id":26,"url":"https:\/\/www.minutenzeiger.de\/?p=26","url_meta":{"origin":120,"position":4},"title":"Das Chlorhuhn als Ablenkungsman\u00f6ver","author":"Gonmag","date":"5. Januar 2015","format":false,"excerpt":"Das Chlorhuhn als Ablenkungsman\u00f6ver - Telepolis http:\/\/heise.de\/-2508413","rel":"","context":"In &quot;Gesellschaft&quot;","block_context":{"text":"Gesellschaft","link":"https:\/\/www.minutenzeiger.de\/?cat=3"},"img":{"alt_text":"","src":"","width":0,"height":0},"classes":[]},{"id":164,"url":"https:\/\/www.minutenzeiger.de\/?p=164","url_meta":{"origin":120,"position":5},"title":"Andrea Nahles und Uber","author":"Gonmag","date":"28. Januar 2015","format":false,"excerpt":"Andrea Nahles und Uber - Telepolis http:\/\/heise.de\/-2530356","rel":"","context":"In &quot;Gesellschaft&quot;","block_context":{"text":"Gesellschaft","link":"https:\/\/www.minutenzeiger.de\/?cat=3"},"img":{"alt_text":"","src":"","width":0,"height":0},"classes":[]}],"_links":{"self":[{"href":"https:\/\/www.minutenzeiger.de\/index.php?rest_route=\/wp\/v2\/posts\/120"}],"collection":[{"href":"https:\/\/www.minutenzeiger.de\/index.php?rest_route=\/wp\/v2\/posts"}],"about":[{"href":"https:\/\/www.minutenzeiger.de\/index.php?rest_route=\/wp\/v2\/types\/post"}],"author":[{"embeddable":true,"href":"https:\/\/www.minutenzeiger.de\/index.php?rest_route=\/wp\/v2\/users\/1"}],"replies":[{"embeddable":true,"href":"https:\/\/www.minutenzeiger.de\/index.php?rest_route=%2Fwp%2Fv2%2Fcomments&post=120"}],"version-history":[{"count":1,"href":"https:\/\/www.minutenzeiger.de\/index.php?rest_route=\/wp\/v2\/posts\/120\/revisions"}],"predecessor-version":[{"id":121,"href":"https:\/\/www.minutenzeiger.de\/index.php?rest_route=\/wp\/v2\/posts\/120\/revisions\/121"}],"wp:attachment":[{"href":"https:\/\/www.minutenzeiger.de\/index.php?rest_route=%2Fwp%2Fv2%2Fmedia&parent=120"}],"wp:term":[{"taxonomy":"category","embeddable":true,"href":"https:\/\/www.minutenzeiger.de\/index.php?rest_route=%2Fwp%2Fv2%2Fcategories&post=120"},{"taxonomy":"post_tag","embeddable":true,"href":"https:\/\/www.minutenzeiger.de\/index.php?rest_route=%2Fwp%2Fv2%2Ftags&post=120"}],"curies":[{"name":"wp","href":"https:\/\/api.w.org\/{rel}","templated":true}]}}