{"id":106,"date":"2015-01-18T23:31:53","date_gmt":"2015-01-18T22:31:53","guid":{"rendered":"http:\/\/www.minutenzeiger.de\/?p=106"},"modified":"2015-01-18T23:31:53","modified_gmt":"2015-01-18T22:31:53","slug":"kriege-kriegsverbrechen-und-propaganda","status":"publish","type":"post","link":"https:\/\/www.minutenzeiger.de\/?p=106","title":{"rendered":"Kriege, Kriegsverbrechen und Propaganda"},"content":{"rendered":"<p>Kriege, Kriegsverbrechen und Propaganda &#8211; Telepolis \/tp\/artikel\/43\/43771\/<\/p>\n","protected":false},"excerpt":{"rendered":"<p>Kriege, Kriegsverbrechen und Propaganda &#8211; Telepolis \/tp\/artikel\/43\/43771\/<\/p>\n","protected":false},"author":1,"featured_media":0,"comment_status":"closed","ping_status":"open","sticky":false,"template":"","format":"standard","meta":{"jetpack_post_was_ever_published":false,"_jetpack_newsletter_access":"","_jetpack_newsletter_tier_id":0},"categories":[3],"tags":[],"jetpack_sharing_enabled":true,"jetpack_featured_media_url":"","jetpack_shortlink":"https:\/\/wp.me\/paAhe5-1I","jetpack-related-posts":[{"id":326,"url":"https:\/\/www.minutenzeiger.de\/?p=326","url_meta":{"origin":106,"position":0},"title":"Hybride Kriegsf\u00fchrung, verdeckte Operationen und geheime Kriege","author":"Gonmag","date":"25. Juli 2015","format":false,"excerpt":"Hybride Kriegsf\u00fchrung, verdeckte Operationen und geheime Kriege - Telepolis \/tp\/artikel\/45\/45422\/","rel":"","context":"In &quot;Gesellschaft&quot;","block_context":{"text":"Gesellschaft","link":"https:\/\/www.minutenzeiger.de\/?cat=3"},"img":{"alt_text":"","src":"","width":0,"height":0},"classes":[]},{"id":458,"url":"https:\/\/www.minutenzeiger.de\/?p=458","url_meta":{"origin":106,"position":1},"title":"Kunduz: Kriegsverbrechen oder Kollateralschaden?","author":"Gonmag","date":"5. Oktober 2015","format":false,"excerpt":"Kunduz: Kriegsverbrechen oder Kollateralschaden? - Telepolis \/tp\/artikel\/46\/46177\/","rel":"","context":"In &quot;Gesellschaft&quot;","block_context":{"text":"Gesellschaft","link":"https:\/\/www.minutenzeiger.de\/?cat=3"},"img":{"alt_text":"","src":"","width":0,"height":0},"classes":[]},{"id":62,"url":"https:\/\/www.minutenzeiger.de\/?p=62","url_meta":{"origin":106,"position":2},"title":"Von Verschw\u00f6rungstheorien und Journalismus","author":"Gonmag","date":"13. Januar 2015","format":false,"excerpt":"Von Verschw\u00f6rungstheorien und Journalismus - Telepolis \/tp\/artikel\/43\/43836\/","rel":"","context":"In &quot;Gesellschaft&quot;","block_context":{"text":"Gesellschaft","link":"https:\/\/www.minutenzeiger.de\/?cat=3"},"img":{"alt_text":"","src":"","width":0,"height":0},"classes":[]},{"id":56,"url":"https:\/\/www.minutenzeiger.de\/?p=56","url_meta":{"origin":106,"position":3},"title":"Legale und illegale Steuerflucht f\u00fcr Normalverdiener und Mittelstand?","author":"Gonmag","date":"12. Januar 2015","format":false,"excerpt":"Legale und illegale Steuerflucht f\u00fcr Normalverdiener und Mittelstand? - Telepolis \/tp\/artikel\/43\/43773\/","rel":"","context":"In &quot;Gesellschaft&quot;","block_context":{"text":"Gesellschaft","link":"https:\/\/www.minutenzeiger.de\/?cat=3"},"img":{"alt_text":"","src":"","width":0,"height":0},"classes":[]},{"id":30,"url":"https:\/\/www.minutenzeiger.de\/?p=30","url_meta":{"origin":106,"position":4},"title":"Nach dem Charlie-Hebdo-Attentat: Ein hauptverd\u00e4chtiger Dschihadist und viele Fragen","author":"Gonmag","date":"8. Januar 2015","format":false,"excerpt":"Nach dem Charlie-Hebdo-Attentat: Ein hauptverd\u00e4chtiger Dschihadist und viele Fragen - Telepolis \/tp\/artikel\/43\/43797\/","rel":"","context":"In &quot;Gesellschaft&quot;","block_context":{"text":"Gesellschaft","link":"https:\/\/www.minutenzeiger.de\/?cat=3"},"img":{"alt_text":"","src":"","width":0,"height":0},"classes":[]},{"id":238,"url":"https:\/\/www.minutenzeiger.de\/?p=238","url_meta":{"origin":106,"position":5},"title":"Freihandel und Wirtschaftswachstum statt Demokratie und \u00d6kologie","author":"Gonmag","date":"30. M\u00e4rz 2015","format":false,"excerpt":"Freihandel und Wirtschaftswachstum statt Demokratie und \u00d6kologie - Telepolis \/tp\/artikel\/44\/44487\/","rel":"","context":"In &quot;Gesellschaft&quot;","block_context":{"text":"Gesellschaft","link":"https:\/\/www.minutenzeiger.de\/?cat=3"},"img":{"alt_text":"","src":"","width":0,"height":0},"classes":[]}],"_links":{"self":[{"href":"https:\/\/www.minutenzeiger.de\/index.php?rest_route=\/wp\/v2\/posts\/106"}],"collection":[{"href":"https:\/\/www.minutenzeiger.de\/index.php?rest_route=\/wp\/v2\/posts"}],"about":[{"href":"https:\/\/www.minutenzeiger.de\/index.php?rest_route=\/wp\/v2\/types\/post"}],"author":[{"embeddable":true,"href":"https:\/\/www.minutenzeiger.de\/index.php?rest_route=\/wp\/v2\/users\/1"}],"replies":[{"embeddable":true,"href":"https:\/\/www.minutenzeiger.de\/index.php?rest_route=%2Fwp%2Fv2%2Fcomments&post=106"}],"version-history":[{"count":1,"href":"https:\/\/www.minutenzeiger.de\/index.php?rest_route=\/wp\/v2\/posts\/106\/revisions"}],"predecessor-version":[{"id":107,"href":"https:\/\/www.minutenzeiger.de\/index.php?rest_route=\/wp\/v2\/posts\/106\/revisions\/107"}],"wp:attachment":[{"href":"https:\/\/www.minutenzeiger.de\/index.php?rest_route=%2Fwp%2Fv2%2Fmedia&parent=106"}],"wp:term":[{"taxonomy":"category","embeddable":true,"href":"https:\/\/www.minutenzeiger.de\/index.php?rest_route=%2Fwp%2Fv2%2Fcategories&post=106"},{"taxonomy":"post_tag","embeddable":true,"href":"https:\/\/www.minutenzeiger.de\/index.php?rest_route=%2Fwp%2Fv2%2Ftags&post=106"}],"curies":[{"name":"wp","href":"https:\/\/api.w.org\/{rel}","templated":true}]}}