{"id":100,"date":"2015-01-18T03:42:00","date_gmt":"2015-01-18T02:42:00","guid":{"rendered":"http:\/\/www.minutenzeiger.de\/?p=100"},"modified":"2015-01-17T23:43:32","modified_gmt":"2015-01-17T22:43:32","slug":"die-koenigin-der-folter","status":"publish","type":"post","link":"https:\/\/www.minutenzeiger.de\/?p=100","title":{"rendered":"Die K\u00f6nigin der Folter"},"content":{"rendered":"<p>Die K\u00f6nigin der Folter &#8211; Telepolis \/tp\/artikel\/43\/43842\/<\/p>\n","protected":false},"excerpt":{"rendered":"<p>Die K\u00f6nigin der Folter &#8211; Telepolis \/tp\/artikel\/43\/43842\/<\/p>\n","protected":false},"author":1,"featured_media":0,"comment_status":"closed","ping_status":"open","sticky":false,"template":"","format":"standard","meta":{"jetpack_post_was_ever_published":false,"_jetpack_newsletter_access":"","_jetpack_newsletter_tier_id":0},"categories":[7,3,9,6],"tags":[],"jetpack_sharing_enabled":true,"jetpack_featured_media_url":"","jetpack_shortlink":"https:\/\/wp.me\/paAhe5-1C","jetpack-related-posts":[{"id":498,"url":"https:\/\/www.minutenzeiger.de\/?p=498","url_meta":{"origin":100,"position":0},"title":"Der trainierte Terror","author":"Gonmag","date":"19. November 2015","format":false,"excerpt":"Der trainierte Terror - Telepolis \/tp\/artikel\/46\/46608\/","rel":"","context":"In &quot;Bielefeld&quot;","block_context":{"text":"Bielefeld","link":"https:\/\/www.minutenzeiger.de\/?cat=7"},"img":{"alt_text":"","src":"","width":0,"height":0},"classes":[]},{"id":230,"url":"https:\/\/www.minutenzeiger.de\/?p=230","url_meta":{"origin":100,"position":1},"title":"Wie viel Bank ben\u00f6tigt der B\u00fcrger?","author":"Gonmag","date":"17. Februar 2015","format":false,"excerpt":"Wie viel Bank ben\u00f6tigt der B\u00fcrger? - Telepolis \/tp\/artikel\/43\/43876\/","rel":"","context":"In &quot;Gesellschaft&quot;","block_context":{"text":"Gesellschaft","link":"https:\/\/www.minutenzeiger.de\/?cat=3"},"img":{"alt_text":"","src":"","width":0,"height":0},"classes":[]},{"id":216,"url":"https:\/\/www.minutenzeiger.de\/?p=216","url_meta":{"origin":100,"position":2},"title":"Die Verlindenstra\u00dfung der Weltpolitik","author":"Gonmag","date":"10. Februar 2015","format":false,"excerpt":"Die Verlindenstra\u00dfung der Weltpolitik - Telepolis \/tp\/artikel\/44\/44109\/","rel":"","context":"In &quot;Gesellschaft&quot;","block_context":{"text":"Gesellschaft","link":"https:\/\/www.minutenzeiger.de\/?cat=3"},"img":{"alt_text":"","src":"","width":0,"height":0},"classes":[]},{"id":450,"url":"https:\/\/www.minutenzeiger.de\/?p=450","url_meta":{"origin":100,"position":3},"title":"Die Nation in der Krise","author":"Gonmag","date":"30. September 2015","format":false,"excerpt":"Die Nation in der Krise - Telepolis \/tp\/artikel\/46\/46109\/","rel":"","context":"In &quot;Gesellschaft&quot;","block_context":{"text":"Gesellschaft","link":"https:\/\/www.minutenzeiger.de\/?cat=3"},"img":{"alt_text":"","src":"","width":0,"height":0},"classes":[]},{"id":310,"url":"https:\/\/www.minutenzeiger.de\/?p=310","url_meta":{"origin":100,"position":4},"title":"Donald Tusk, der osteurop\u00e4ische Irrglaube an die Marktwirtschaft\u2026","author":"Gonmag","date":"19. Juli 2015","format":false,"excerpt":"Donald Tusk, der osteurop\u00e4ische Irrglaube an die Marktwirtschaft\u2026 - Telepolis \/tp\/artikel\/45\/45476\/","rel":"","context":"In &quot;Gesellschaft&quot;","block_context":{"text":"Gesellschaft","link":"https:\/\/www.minutenzeiger.de\/?cat=3"},"img":{"alt_text":"","src":"","width":0,"height":0},"classes":[]},{"id":448,"url":"https:\/\/www.minutenzeiger.de\/?p=448","url_meta":{"origin":100,"position":5},"title":"Umbau des Rechtsstaats und Militarisierung der Politik","author":"Gonmag","date":"29. September 2015","format":false,"excerpt":"Umbau des Rechtsstaats und Militarisierung der Politik - Telepolis \/tp\/artikel\/46\/46124\/","rel":"","context":"In &quot;Gesellschaft&quot;","block_context":{"text":"Gesellschaft","link":"https:\/\/www.minutenzeiger.de\/?cat=3"},"img":{"alt_text":"","src":"","width":0,"height":0},"classes":[]}],"_links":{"self":[{"href":"https:\/\/www.minutenzeiger.de\/index.php?rest_route=\/wp\/v2\/posts\/100"}],"collection":[{"href":"https:\/\/www.minutenzeiger.de\/index.php?rest_route=\/wp\/v2\/posts"}],"about":[{"href":"https:\/\/www.minutenzeiger.de\/index.php?rest_route=\/wp\/v2\/types\/post"}],"author":[{"embeddable":true,"href":"https:\/\/www.minutenzeiger.de\/index.php?rest_route=\/wp\/v2\/users\/1"}],"replies":[{"embeddable":true,"href":"https:\/\/www.minutenzeiger.de\/index.php?rest_route=%2Fwp%2Fv2%2Fcomments&post=100"}],"version-history":[{"count":1,"href":"https:\/\/www.minutenzeiger.de\/index.php?rest_route=\/wp\/v2\/posts\/100\/revisions"}],"predecessor-version":[{"id":101,"href":"https:\/\/www.minutenzeiger.de\/index.php?rest_route=\/wp\/v2\/posts\/100\/revisions\/101"}],"wp:attachment":[{"href":"https:\/\/www.minutenzeiger.de\/index.php?rest_route=%2Fwp%2Fv2%2Fmedia&parent=100"}],"wp:term":[{"taxonomy":"category","embeddable":true,"href":"https:\/\/www.minutenzeiger.de\/index.php?rest_route=%2Fwp%2Fv2%2Fcategories&post=100"},{"taxonomy":"post_tag","embeddable":true,"href":"https:\/\/www.minutenzeiger.de\/index.php?rest_route=%2Fwp%2Fv2%2Ftags&post=100"}],"curies":[{"name":"wp","href":"https:\/\/api.w.org\/{rel}","templated":true}]}}